{"id":459,"date":"2014-03-03T19:42:36","date_gmt":"2014-03-03T18:42:36","guid":{"rendered":"http:\/\/agora.xtec.cat\/esc-musica-parets\/general\/14a-festa-dels-instrumentistes\/"},"modified":"2016-07-12T13:33:03","modified_gmt":"2016-07-12T12:33:03","slug":"14a-festa-dels-instrumentistes","status":"publish","type":"post","link":"https:\/\/agora.xtec.cat\/esc-musica-parets\/general\/14a-festa-dels-instrumentistes\/","title":{"rendered":"14a FESTA DELS INSTRUMENTISTES"},"content":{"rendered":"<p>Un curs m\u00e9s, la <strong>FESTA DELS INSTRUMENTISTES<\/strong> ha estat un \u00e8xit rotund, tant pel que fa a la participaci\u00f3 dels alumnes com de les seves fam\u00edlies. Les peces\u00a0 que es van poder escoltar en el tram central de la festa, muntades a primera hora de la tarda entre tots els alumnes de cada especialitat instrumental acompanyats i dirigits pels seus respectius professors\/es, va deixar palesa, un cop m\u00e9s, la voluntat i saber fer dels nostres alumnes. A la part final, va ser molt gratificant veure la participaci\u00f3 dels familiars en el CONCERT A TUTII\u00a0que, enguany, es va dedicar a la utilitzaci\u00f3 de m\u00f2bils i tablets per fer m\u00fasica. Vint-i-dos pastissos i vuit truites d&#8217;excel\u00b7lent qualitat i imaginaci\u00f3 van ser el colof\u00f3 per a una tarda sensacional. Moltes gr\u00e0cies a tots i totes!!<\/p>\n","protected":false},"excerpt":{"rendered":"<p>Un curs m\u00e9s, la FESTA DELS INSTRUMENTISTES ha estat un \u00e8xit rotund, tant pel que fa a la participaci\u00f3 dels alumnes com de les seves fam\u00edlies. Les peces\u00a0 que es van poder escoltar en el tram central de la festa, muntades a primera hora de&hellip;  <a href=\"https:\/\/agora.xtec.cat\/esc-musica-parets\/general\/14a-festa-dels-instrumentistes\/\" title=\"Read 14a FESTA DELS INSTRUMENTISTES\">Llegeix m\u00e9s\u00bb<\/a><\/p>\n","protected":false},"author":1,"featured_media":0,"comment_status":"open","ping_status":"open","sticky":false,"template":"","format":"standard","meta":{"_bbp_topic_count":0,"_bbp_reply_count":0,"_bbp_total_topic_count":0,"_bbp_total_reply_count":0,"_bbp_voice_count":0,"_bbp_anonymous_reply_count":0,"_bbp_topic_count_hidden":0,"_bbp_reply_count_hidden":0,"_bbp_forum_subforum_count":0,"footnotes":""},"categories":[1,29],"tags":[122,77],"class_list":["post-459","post","type-post","status-publish","format-standard","hentry","category-general","category-portada","tag-festa-instrumentistes","tag-noticies"],"post_mailing_queue_ids":[],"_links":{"self":[{"href":"https:\/\/agora.xtec.cat\/esc-musica-parets\/wp-json\/wp\/v2\/posts\/459","targetHints":{"allow":["GET"]}}],"collection":[{"href":"https:\/\/agora.xtec.cat\/esc-musica-parets\/wp-json\/wp\/v2\/posts"}],"about":[{"href":"https:\/\/agora.xtec.cat\/esc-musica-parets\/wp-json\/wp\/v2\/types\/post"}],"author":[{"embeddable":true,"href":"https:\/\/agora.xtec.cat\/esc-musica-parets\/wp-json\/wp\/v2\/users\/1"}],"replies":[{"embeddable":true,"href":"https:\/\/agora.xtec.cat\/esc-musica-parets\/wp-json\/wp\/v2\/comments?post=459"}],"version-history":[{"count":3,"href":"https:\/\/agora.xtec.cat\/esc-musica-parets\/wp-json\/wp\/v2\/posts\/459\/revisions"}],"predecessor-version":[{"id":1093,"href":"https:\/\/agora.xtec.cat\/esc-musica-parets\/wp-json\/wp\/v2\/posts\/459\/revisions\/1093"}],"wp:attachment":[{"href":"https:\/\/agora.xtec.cat\/esc-musica-parets\/wp-json\/wp\/v2\/media?parent=459"}],"wp:term":[{"taxonomy":"category","embeddable":true,"href":"https:\/\/agora.xtec.cat\/esc-musica-parets\/wp-json\/wp\/v2\/categories?post=459"},{"taxonomy":"post_tag","embeddable":true,"href":"https:\/\/agora.xtec.cat\/esc-musica-parets\/wp-json\/wp\/v2\/tags?post=459"}],"curies":[{"name":"wp","href":"https:\/\/api.w.org\/{rel}","templated":true}]}}