{"id":458,"date":"2014-02-05T18:15:21","date_gmt":"2014-02-05T17:15:21","guid":{"rendered":"http:\/\/agora.xtec.cat\/esc-musica-parets\/general\/audicio-dels-basics-1-2\/"},"modified":"2016-07-12T13:33:48","modified_gmt":"2016-07-12T12:33:48","slug":"audicio-dels-basics-1-2","status":"publish","type":"post","link":"https:\/\/agora.xtec.cat\/esc-musica-parets\/general\/audicio-dels-basics-1-2\/","title":{"rendered":"Audici\u00f3 dels B\u00e0sics 1"},"content":{"rendered":"<p>El passat dilluns 3 de febrer va tenir lloc l&#8217;audici\u00f3 dels alumnes de B\u00e0sic 1, 23 nens i nenes que aquest curs han comen\u00e7at l&#8217;aprenentatge d&#8217;un instrument i que per primera vegada han pujat a un escenari per mostrar en p\u00fablic els seus avan\u00e7os.\u00a0Han estat alumnes de piano, guitarra, viol\u00ed i saxo que, acompanyats dels seus professors i professores,\u00a0 han delectat duran 45 minuts a un auditori ple de pares, mares i altres familiars amb les seves interpretacions. Com a cloenda, els alumnes de piano han interpretar peces a 4, 6 i 8 mans. Desitgem a tots aquests joves m\u00fasics un futur ple de satisfaccions musicals.<\/p>\n","protected":false},"excerpt":{"rendered":"<p>El passat dilluns 3 de febrer va tenir lloc l&#8217;audici\u00f3 dels alumnes de B\u00e0sic 1, 23 nens i nenes que aquest curs han comen\u00e7at l&#8217;aprenentatge d&#8217;un instrument i que per primera vegada han pujat a un escenari per mostrar en p\u00fablic els seus avan\u00e7os.\u00a0Han estat&hellip;  <a href=\"https:\/\/agora.xtec.cat\/esc-musica-parets\/general\/audicio-dels-basics-1-2\/\" title=\"Read Audici\u00f3 dels B\u00e0sics 1\">Llegeix m\u00e9s\u00bb<\/a><\/p>\n","protected":false},"author":1,"featured_media":0,"comment_status":"open","ping_status":"open","sticky":false,"template":"","format":"standard","meta":{"_bbp_topic_count":0,"_bbp_reply_count":0,"_bbp_total_topic_count":0,"_bbp_total_reply_count":0,"_bbp_voice_count":0,"_bbp_anonymous_reply_count":0,"_bbp_topic_count_hidden":0,"_bbp_reply_count_hidden":0,"_bbp_forum_subforum_count":0,"footnotes":""},"categories":[1,29],"tags":[100,77],"class_list":["post-458","post","type-post","status-publish","format-standard","hentry","category-general","category-portada","tag-audicions","tag-noticies"],"post_mailing_queue_ids":[],"_links":{"self":[{"href":"https:\/\/agora.xtec.cat\/esc-musica-parets\/wp-json\/wp\/v2\/posts\/458","targetHints":{"allow":["GET"]}}],"collection":[{"href":"https:\/\/agora.xtec.cat\/esc-musica-parets\/wp-json\/wp\/v2\/posts"}],"about":[{"href":"https:\/\/agora.xtec.cat\/esc-musica-parets\/wp-json\/wp\/v2\/types\/post"}],"author":[{"embeddable":true,"href":"https:\/\/agora.xtec.cat\/esc-musica-parets\/wp-json\/wp\/v2\/users\/1"}],"replies":[{"embeddable":true,"href":"https:\/\/agora.xtec.cat\/esc-musica-parets\/wp-json\/wp\/v2\/comments?post=458"}],"version-history":[{"count":3,"href":"https:\/\/agora.xtec.cat\/esc-musica-parets\/wp-json\/wp\/v2\/posts\/458\/revisions"}],"predecessor-version":[{"id":1094,"href":"https:\/\/agora.xtec.cat\/esc-musica-parets\/wp-json\/wp\/v2\/posts\/458\/revisions\/1094"}],"wp:attachment":[{"href":"https:\/\/agora.xtec.cat\/esc-musica-parets\/wp-json\/wp\/v2\/media?parent=458"}],"wp:term":[{"taxonomy":"category","embeddable":true,"href":"https:\/\/agora.xtec.cat\/esc-musica-parets\/wp-json\/wp\/v2\/categories?post=458"},{"taxonomy":"post_tag","embeddable":true,"href":"https:\/\/agora.xtec.cat\/esc-musica-parets\/wp-json\/wp\/v2\/tags?post=458"}],"curies":[{"name":"wp","href":"https:\/\/api.w.org\/{rel}","templated":true}]}}