{"id":453,"date":"2013-12-15T22:48:30","date_gmt":"2013-12-15T21:48:30","guid":{"rendered":"http:\/\/agora.xtec.cat\/esc-musica-parets\/general\/alumnes-de-lescola-a-la-residencia-davis\/"},"modified":"2016-07-12T13:13:49","modified_gmt":"2016-07-12T12:13:49","slug":"alumnes-de-lescola-a-la-residencia-davis","status":"publish","type":"post","link":"https:\/\/agora.xtec.cat\/esc-musica-parets\/general\/alumnes-de-lescola-a-la-residencia-davis\/","title":{"rendered":"Alumnes de l&#8217;escola a la resid\u00e8ncia d&#8217;avis"},"content":{"rendered":"<p><span style=\"font-size: small;\"><img loading=\"lazy\" decoding=\"async\" class=\"\" src=\"http:\/\/agora.xtec.cat\/esc-musica-parets\/wp-content\/uploads\/usu1283\/2016\/07\/residencia_2013.jpg\" width=\"511\" height=\"383\" \/><\/span><\/p>\n<p><span style=\"font-size: 12pt;\">Els alumnes de l&#8217;escola municipal de m\u00fasica van oferir als avis i \u00e0vies de la resid\u00e8ncia Pedra Serrada de Parets del Vall\u00e8s un concert solidari amb motiu de les festes nadalenques que s&#8217;acoste. En diferents formacions, guitarres, saxos, violins, flautes travesseres i la coral infantil, va oferir el seu repertori m\u00e9s recent al llarg d&#8217;una hora de concert. La satisfacci\u00f3 per part dels residents va ser palesa pels joves m\u00fasics que van sortir molt satisfets de l&#8217;experi\u00e8ncia. Aquest \u00e9s el segon any consecutiu que l&#8217;escola municipal de m\u00fasica organitza aquest tipus d&#8217;esdeveniment.<\/span> <span style=\"font-size: small;\">Mireu la <a href=\"https:\/\/plus.google.com\/photos\/104938338516081079520\/albums\/5957755803827447521\">Galeria de Fotos<\/a><\/span><\/p>\n","protected":false},"excerpt":{"rendered":"<p>Els alumnes de l&#8217;escola municipal de m\u00fasica van oferir als avis i \u00e0vies de la resid\u00e8ncia Pedra Serrada de Parets del Vall\u00e8s un concert solidari amb motiu de les festes nadalenques que s&#8217;acoste. En diferents formacions, guitarres, saxos, violins, flautes travesseres i la coral infantil,&hellip;  <a href=\"https:\/\/agora.xtec.cat\/esc-musica-parets\/general\/alumnes-de-lescola-a-la-residencia-davis\/\" title=\"Read Alumnes de l&#8217;escola a la resid\u00e8ncia d&#8217;avis\">Llegeix m\u00e9s\u00bb<\/a><\/p>\n","protected":false},"author":1,"featured_media":962,"comment_status":"open","ping_status":"open","sticky":false,"template":"","format":"standard","meta":{"_bbp_topic_count":0,"_bbp_reply_count":0,"_bbp_total_topic_count":0,"_bbp_total_reply_count":0,"_bbp_voice_count":0,"_bbp_anonymous_reply_count":0,"_bbp_topic_count_hidden":0,"_bbp_reply_count_hidden":0,"_bbp_forum_subforum_count":0,"footnotes":""},"categories":[1,29],"tags":[77],"class_list":["post-453","post","type-post","status-publish","format-standard","has-post-thumbnail","hentry","category-general","category-portada","tag-noticies"],"post_mailing_queue_ids":[],"_links":{"self":[{"href":"https:\/\/agora.xtec.cat\/esc-musica-parets\/wp-json\/wp\/v2\/posts\/453","targetHints":{"allow":["GET"]}}],"collection":[{"href":"https:\/\/agora.xtec.cat\/esc-musica-parets\/wp-json\/wp\/v2\/posts"}],"about":[{"href":"https:\/\/agora.xtec.cat\/esc-musica-parets\/wp-json\/wp\/v2\/types\/post"}],"author":[{"embeddable":true,"href":"https:\/\/agora.xtec.cat\/esc-musica-parets\/wp-json\/wp\/v2\/users\/1"}],"replies":[{"embeddable":true,"href":"https:\/\/agora.xtec.cat\/esc-musica-parets\/wp-json\/wp\/v2\/comments?post=453"}],"version-history":[{"count":3,"href":"https:\/\/agora.xtec.cat\/esc-musica-parets\/wp-json\/wp\/v2\/posts\/453\/revisions"}],"predecessor-version":[{"id":1079,"href":"https:\/\/agora.xtec.cat\/esc-musica-parets\/wp-json\/wp\/v2\/posts\/453\/revisions\/1079"}],"wp:featuredmedia":[{"embeddable":true,"href":"https:\/\/agora.xtec.cat\/esc-musica-parets\/wp-json\/wp\/v2\/media\/962"}],"wp:attachment":[{"href":"https:\/\/agora.xtec.cat\/esc-musica-parets\/wp-json\/wp\/v2\/media?parent=453"}],"wp:term":[{"taxonomy":"category","embeddable":true,"href":"https:\/\/agora.xtec.cat\/esc-musica-parets\/wp-json\/wp\/v2\/categories?post=453"},{"taxonomy":"post_tag","embeddable":true,"href":"https:\/\/agora.xtec.cat\/esc-musica-parets\/wp-json\/wp\/v2\/tags?post=453"}],"curies":[{"name":"wp","href":"https:\/\/api.w.org\/{rel}","templated":true}]}}