{"id":451,"date":"2013-11-22T21:14:55","date_gmt":"2013-11-22T20:14:55","guid":{"rendered":"http:\/\/agora.xtec.cat\/esc-musica-parets\/general\/concert-solidari-a-la-residencia-davis-pedra-serrada\/"},"modified":"2016-07-12T13:08:56","modified_gmt":"2016-07-12T12:08:56","slug":"concert-solidari-a-la-residencia-davis-pedra-serrada","status":"publish","type":"post","link":"https:\/\/agora.xtec.cat\/esc-musica-parets\/general\/concert-solidari-a-la-residencia-davis-pedra-serrada\/","title":{"rendered":"Concert Solidari a la Resid\u00e8ncia d&#8217;avis Pedra Serrada"},"content":{"rendered":"<p><font size=\"2\">El dimarts 10 de desembre a les 17.30h, alumnes de l&#8217;escola municipal de m\u00fasica aniran a la resid\u00e8ncia d&#8217;avis Pedra Serrada de Parets del Vall\u00e8s per oferir-los un concert de Nadal com ja van fer el curs passat. Durant una hora i mitja, la coral infantil, l&#8217;orquestra de cambra, l&#8217;orquestra de guitarres i un quartet de saxos interpretaran diferents melodies per a gaudi dels avis i \u00e0vies residents. D&#8217;aquesta manera els joves m\u00fasics, juntament amb els seus professors i professores, volen col\u00b7laborar i compartir la seva m\u00fasica amb la gent gran en un acte solidari.<br \/>\n<\/font><\/p>\n","protected":false},"excerpt":{"rendered":"<p>El dimarts 10 de desembre a les 17.30h, alumnes de l&#8217;escola municipal de m\u00fasica aniran a la resid\u00e8ncia d&#8217;avis Pedra Serrada de Parets del Vall\u00e8s per oferir-los un concert de Nadal com ja van fer el curs passat. Durant una hora i mitja, la coral&hellip;  <a href=\"https:\/\/agora.xtec.cat\/esc-musica-parets\/general\/concert-solidari-a-la-residencia-davis-pedra-serrada\/\" title=\"Read Concert Solidari a la Resid\u00e8ncia d&#8217;avis Pedra Serrada\">Llegeix m\u00e9s\u00bb<\/a><\/p>\n","protected":false},"author":1,"featured_media":0,"comment_status":"open","ping_status":"open","sticky":false,"template":"","format":"standard","meta":{"_bbp_topic_count":0,"_bbp_reply_count":0,"_bbp_total_topic_count":0,"_bbp_total_reply_count":0,"_bbp_voice_count":0,"_bbp_anonymous_reply_count":0,"_bbp_topic_count_hidden":0,"_bbp_reply_count_hidden":0,"_bbp_forum_subforum_count":0,"footnotes":""},"categories":[1,29],"tags":[77],"class_list":["post-451","post","type-post","status-publish","format-standard","hentry","category-general","category-portada","tag-noticies"],"post_mailing_queue_ids":[],"_links":{"self":[{"href":"https:\/\/agora.xtec.cat\/esc-musica-parets\/wp-json\/wp\/v2\/posts\/451","targetHints":{"allow":["GET"]}}],"collection":[{"href":"https:\/\/agora.xtec.cat\/esc-musica-parets\/wp-json\/wp\/v2\/posts"}],"about":[{"href":"https:\/\/agora.xtec.cat\/esc-musica-parets\/wp-json\/wp\/v2\/types\/post"}],"author":[{"embeddable":true,"href":"https:\/\/agora.xtec.cat\/esc-musica-parets\/wp-json\/wp\/v2\/users\/1"}],"replies":[{"embeddable":true,"href":"https:\/\/agora.xtec.cat\/esc-musica-parets\/wp-json\/wp\/v2\/comments?post=451"}],"version-history":[{"count":1,"href":"https:\/\/agora.xtec.cat\/esc-musica-parets\/wp-json\/wp\/v2\/posts\/451\/revisions"}],"predecessor-version":[{"id":655,"href":"https:\/\/agora.xtec.cat\/esc-musica-parets\/wp-json\/wp\/v2\/posts\/451\/revisions\/655"}],"wp:attachment":[{"href":"https:\/\/agora.xtec.cat\/esc-musica-parets\/wp-json\/wp\/v2\/media?parent=451"}],"wp:term":[{"taxonomy":"category","embeddable":true,"href":"https:\/\/agora.xtec.cat\/esc-musica-parets\/wp-json\/wp\/v2\/categories?post=451"},{"taxonomy":"post_tag","embeddable":true,"href":"https:\/\/agora.xtec.cat\/esc-musica-parets\/wp-json\/wp\/v2\/tags?post=451"}],"curies":[{"name":"wp","href":"https:\/\/api.w.org\/{rel}","templated":true}]}}