{"id":450,"date":"2013-11-18T19:48:07","date_gmt":"2013-11-18T18:48:07","guid":{"rendered":"http:\/\/agora.xtec.cat\/esc-musica-parets\/general\/festa-de-santa-cecilia\/"},"modified":"2016-07-12T13:15:08","modified_gmt":"2016-07-12T12:15:08","slug":"festa-de-santa-cecilia","status":"publish","type":"post","link":"https:\/\/agora.xtec.cat\/esc-musica-parets\/general\/festa-de-santa-cecilia\/","title":{"rendered":"Festa de Santa Cec\u00edlia"},"content":{"rendered":"<p><img loading=\"lazy\" decoding=\"async\" class=\"\" src=\"http:\/\/agora.xtec.cat\/esc-musica-parets\/wp-content\/uploads\/usu1283\/2016\/07\/StaCecilia.jpg\" width=\"540\" height=\"381\" \/><\/p>\n<p><span style=\"font-size: 12pt;\">Amb motiu de la Festa de Santa Cec\u00edlia, el proper divendres 22 de novembre, l&#8217;escola municipal de m\u00fasica organitza una trobada de karaoke oberta per a tothom, grans i petits. La sessi\u00f3 l&#8217;obrir\u00e0 la coral infantil del centre que oferir\u00e0 un parell de can\u00e7ons molt participatives en les que es convidar\u00e0 a cantar a tot el p\u00fablic present. Amb aquesta jornada musical volem retre homenatge a la patrona dels m\u00fasics<\/span><\/p>\n<p>&nbsp;<\/p>\n","protected":false},"excerpt":{"rendered":"<p>Amb motiu de la Festa de Santa Cec\u00edlia, el proper divendres 22 de novembre, l&#8217;escola municipal de m\u00fasica organitza una trobada de karaoke oberta per a tothom, grans i petits. La sessi\u00f3 l&#8217;obrir\u00e0 la coral infantil del centre que oferir\u00e0 un parell de can\u00e7ons molt&hellip;  <a href=\"https:\/\/agora.xtec.cat\/esc-musica-parets\/general\/festa-de-santa-cecilia\/\" title=\"Read Festa de Santa Cec\u00edlia\">Llegeix m\u00e9s\u00bb<\/a><\/p>\n","protected":false},"author":1,"featured_media":960,"comment_status":"open","ping_status":"open","sticky":false,"template":"","format":"standard","meta":{"_bbp_topic_count":0,"_bbp_reply_count":0,"_bbp_total_topic_count":0,"_bbp_total_reply_count":0,"_bbp_voice_count":0,"_bbp_anonymous_reply_count":0,"_bbp_topic_count_hidden":0,"_bbp_reply_count_hidden":0,"_bbp_forum_subforum_count":0,"footnotes":""},"categories":[1,29],"tags":[139,77],"class_list":["post-450","post","type-post","status-publish","format-standard","has-post-thumbnail","hentry","category-general","category-portada","tag-festes","tag-noticies"],"post_mailing_queue_ids":[],"_links":{"self":[{"href":"https:\/\/agora.xtec.cat\/esc-musica-parets\/wp-json\/wp\/v2\/posts\/450","targetHints":{"allow":["GET"]}}],"collection":[{"href":"https:\/\/agora.xtec.cat\/esc-musica-parets\/wp-json\/wp\/v2\/posts"}],"about":[{"href":"https:\/\/agora.xtec.cat\/esc-musica-parets\/wp-json\/wp\/v2\/types\/post"}],"author":[{"embeddable":true,"href":"https:\/\/agora.xtec.cat\/esc-musica-parets\/wp-json\/wp\/v2\/users\/1"}],"replies":[{"embeddable":true,"href":"https:\/\/agora.xtec.cat\/esc-musica-parets\/wp-json\/wp\/v2\/comments?post=450"}],"version-history":[{"count":3,"href":"https:\/\/agora.xtec.cat\/esc-musica-parets\/wp-json\/wp\/v2\/posts\/450\/revisions"}],"predecessor-version":[{"id":1080,"href":"https:\/\/agora.xtec.cat\/esc-musica-parets\/wp-json\/wp\/v2\/posts\/450\/revisions\/1080"}],"wp:featuredmedia":[{"embeddable":true,"href":"https:\/\/agora.xtec.cat\/esc-musica-parets\/wp-json\/wp\/v2\/media\/960"}],"wp:attachment":[{"href":"https:\/\/agora.xtec.cat\/esc-musica-parets\/wp-json\/wp\/v2\/media?parent=450"}],"wp:term":[{"taxonomy":"category","embeddable":true,"href":"https:\/\/agora.xtec.cat\/esc-musica-parets\/wp-json\/wp\/v2\/categories?post=450"},{"taxonomy":"post_tag","embeddable":true,"href":"https:\/\/agora.xtec.cat\/esc-musica-parets\/wp-json\/wp\/v2\/tags?post=450"}],"curies":[{"name":"wp","href":"https:\/\/api.w.org\/{rel}","templated":true}]}}