{"id":449,"date":"2013-11-04T19:58:52","date_gmt":"2013-11-04T18:58:52","guid":{"rendered":"http:\/\/agora.xtec.cat\/esc-musica-parets\/general\/audicions-per-a-escolars-2013-14\/"},"modified":"2016-07-12T13:20:05","modified_gmt":"2016-07-12T12:20:05","slug":"audicions-per-a-escolars-2013-14","status":"publish","type":"post","link":"https:\/\/agora.xtec.cat\/esc-musica-parets\/general\/audicions-per-a-escolars-2013-14\/","title":{"rendered":"Audicions per a escolars 2013-14"},"content":{"rendered":"<p><a href=\"http:\/\/agora.xtec.cat\/esc-musica-parets\/wp-content\/uploads\/usu1283\/2016\/06\/audicio2.jpg\"><img loading=\"lazy\" decoding=\"async\" class=\"alignnone size-full wp-image-448\" src=\"http:\/\/agora.xtec.cat\/esc-musica-parets\/wp-content\/uploads\/usu1283\/2016\/06\/audicio2.jpg\" alt=\"audicio2\" width=\"768\" height=\"576\" srcset=\"https:\/\/agora.xtec.cat\/esc-musica-parets\/wp-content\/uploads\/usu1283\/2016\/06\/audicio2.jpg 768w, https:\/\/agora.xtec.cat\/esc-musica-parets\/wp-content\/uploads\/usu1283\/2016\/06\/audicio2-300x225.jpg 300w, https:\/\/agora.xtec.cat\/esc-musica-parets\/wp-content\/uploads\/usu1283\/2016\/06\/audicio2-200x150.jpg 200w\" sizes=\"auto, (max-width: 768px) 100vw, 768px\" \/><\/a>Un curs m\u00e9s, amb l\u2019inici del nou any 2014, tindr\u00e0 lloc una nova edici\u00f3 de les \u201cAudicions per a escolars\u201d que des de l\u2019escola municipal de m\u00fasica s\u2019ofereix als alumnes de bressol, infantil i prim\u00e0ria dels col\u2022legis de Parets del Vall\u00e8s.<\/p>\n<p>Des de fa m\u00e9s de 20 anys, l\u2019escola municipal de m\u00fasica porta a terme aquest projecte en el que diferents professors i professores d\u2019instrument del centre, s\u00f3n els encarregats de posar m\u00fasica en viu a espectacles creats per ells mateixos amb continguts diferents segons les edats dels oients. La m\u00fasica dels Beatles, m\u00fasica tradicional o bandes sonores s\u00f3n algunes de les propostes que s\u2019han dut a terme en aquestes sessions. Comptant sempre amb la implicaci\u00f3 d\u2019un p\u00fablic entusiasta i participatiu en totes aquelles propostes en les que els m\u00fasics els demanen col\u2022laboraci\u00f3, aquestes sessions musicals esdevenen moments molt gratificants per a tothom. Enguany \u201cLa fada dels somnis\u201d \u00e9s la proposta pels alumnes de P-5 i 2n de prim\u00e0ria i \u201cM\u00fasica i cinema\u201d l\u2019audici\u00f3 per alumnes de 4t i 6\u00e8 de prim\u00e0ria.<\/p>\n","protected":false},"excerpt":{"rendered":"<p><a href=\"http:\/\/agora.xtec.cat\/esc-musica-parets\/wp-content\/uploads\/usu1283\/2016\/06\/audicio2.jpg\"><\/a>Un curs m\u00e9s, amb l\u2019inici del nou any 2014, tindr\u00e0 lloc una nova edici\u00f3 de les \u201cAudicions per a escolars\u201d que des de l\u2019escola municipal de m\u00fasica s\u2019ofereix als alumnes de bressol, infantil i prim\u00e0ria dels col\u2022legis de Parets del Vall\u00e8s.<br \/>\nDes de fa m\u00e9s&hellip;  <a href=\"https:\/\/agora.xtec.cat\/esc-musica-parets\/general\/audicions-per-a-escolars-2013-14\/\" title=\"Read Audicions per a escolars 2013-14\">Llegeix m\u00e9s\u00bb<\/a><\/p>\n","protected":false},"author":1,"featured_media":448,"comment_status":"open","ping_status":"open","sticky":false,"template":"","format":"standard","meta":{"_bbp_topic_count":0,"_bbp_reply_count":0,"_bbp_total_topic_count":0,"_bbp_total_reply_count":0,"_bbp_voice_count":0,"_bbp_anonymous_reply_count":0,"_bbp_topic_count_hidden":0,"_bbp_reply_count_hidden":0,"_bbp_forum_subforum_count":0,"footnotes":""},"categories":[1,29],"tags":[100,141,77],"class_list":["post-449","post","type-post","status-publish","format-standard","has-post-thumbnail","hentry","category-general","category-portada","tag-audicions","tag-audicions-escolars","tag-noticies"],"post_mailing_queue_ids":[],"_links":{"self":[{"href":"https:\/\/agora.xtec.cat\/esc-musica-parets\/wp-json\/wp\/v2\/posts\/449","targetHints":{"allow":["GET"]}}],"collection":[{"href":"https:\/\/agora.xtec.cat\/esc-musica-parets\/wp-json\/wp\/v2\/posts"}],"about":[{"href":"https:\/\/agora.xtec.cat\/esc-musica-parets\/wp-json\/wp\/v2\/types\/post"}],"author":[{"embeddable":true,"href":"https:\/\/agora.xtec.cat\/esc-musica-parets\/wp-json\/wp\/v2\/users\/1"}],"replies":[{"embeddable":true,"href":"https:\/\/agora.xtec.cat\/esc-musica-parets\/wp-json\/wp\/v2\/comments?post=449"}],"version-history":[{"count":3,"href":"https:\/\/agora.xtec.cat\/esc-musica-parets\/wp-json\/wp\/v2\/posts\/449\/revisions"}],"predecessor-version":[{"id":1082,"href":"https:\/\/agora.xtec.cat\/esc-musica-parets\/wp-json\/wp\/v2\/posts\/449\/revisions\/1082"}],"wp:featuredmedia":[{"embeddable":true,"href":"https:\/\/agora.xtec.cat\/esc-musica-parets\/wp-json\/wp\/v2\/media\/448"}],"wp:attachment":[{"href":"https:\/\/agora.xtec.cat\/esc-musica-parets\/wp-json\/wp\/v2\/media?parent=449"}],"wp:term":[{"taxonomy":"category","embeddable":true,"href":"https:\/\/agora.xtec.cat\/esc-musica-parets\/wp-json\/wp\/v2\/categories?post=449"},{"taxonomy":"post_tag","embeddable":true,"href":"https:\/\/agora.xtec.cat\/esc-musica-parets\/wp-json\/wp\/v2\/tags?post=449"}],"curies":[{"name":"wp","href":"https:\/\/api.w.org\/{rel}","templated":true}]}}