{"id":446,"date":"2013-08-04T10:26:42","date_gmt":"2013-08-04T09:26:42","guid":{"rendered":"http:\/\/agora.xtec.cat\/esc-musica-parets\/general\/curs-2013-14\/"},"modified":"2016-07-12T13:09:43","modified_gmt":"2016-07-12T12:09:43","slug":"curs-2013-14","status":"publish","type":"post","link":"https:\/\/agora.xtec.cat\/esc-musica-parets\/general\/curs-2013-14\/","title":{"rendered":"Curs 2013-14"},"content":{"rendered":"<p>L&#8217;escola municipal de m\u00fasica obrir\u00e0 de nou les seves portes el dilluns 2 de setembre.<\/p>\n<p>El curs escolar comen\u00e7ar\u00e0 el dijous 12 de setembre.<\/p>\n<p> Durant la setmana anterior a l&#8217;inici del curs, s&#8217;establiran els horaris de les classes d&#8217;instrument. Els professors\/es convocaran a les fam\u00edlies dels seus alumnes a una reuni\u00f3 en la que es repartiran el horaris per rigor\u00f3s ordre d&#8217;edat (de petits a grans). Es aconsellable assistir a aquesta reuni\u00f3 per tal de poder triar l&#8217;horari m\u00e9s adient per a cada alumne. En cas de no poder assistir es recomana que delegeu les vostres prefer\u00e8ncies en una altra fam\u00edlia. En cap cas es donaran horaris abans d&#8217;aquestes reunions.<\/p>\n","protected":false},"excerpt":{"rendered":"<p>L&#8217;escola municipal de m\u00fasica obrir\u00e0 de nou les seves portes el dilluns 2 de setembre.<br \/>\nEl curs escolar comen\u00e7ar\u00e0 el dijous 12 de setembre.<br \/>\n Durant la setmana anterior a l&#8217;inici del curs, s&#8217;establiran els horaris de les classes d&#8217;instrument. Els professors\/es convocaran a les fam\u00edlies dels&hellip;  <a href=\"https:\/\/agora.xtec.cat\/esc-musica-parets\/general\/curs-2013-14\/\" title=\"Read Curs 2013-14\">Llegeix m\u00e9s\u00bb<\/a><\/p>\n","protected":false},"author":1,"featured_media":0,"comment_status":"open","ping_status":"open","sticky":false,"template":"","format":"standard","meta":{"_bbp_topic_count":0,"_bbp_reply_count":0,"_bbp_total_topic_count":0,"_bbp_total_reply_count":0,"_bbp_voice_count":0,"_bbp_anonymous_reply_count":0,"_bbp_topic_count_hidden":0,"_bbp_reply_count_hidden":0,"_bbp_forum_subforum_count":0,"footnotes":""},"categories":[1,29],"tags":[77],"class_list":["post-446","post","type-post","status-publish","format-standard","hentry","category-general","category-portada","tag-noticies"],"post_mailing_queue_ids":[],"_links":{"self":[{"href":"https:\/\/agora.xtec.cat\/esc-musica-parets\/wp-json\/wp\/v2\/posts\/446","targetHints":{"allow":["GET"]}}],"collection":[{"href":"https:\/\/agora.xtec.cat\/esc-musica-parets\/wp-json\/wp\/v2\/posts"}],"about":[{"href":"https:\/\/agora.xtec.cat\/esc-musica-parets\/wp-json\/wp\/v2\/types\/post"}],"author":[{"embeddable":true,"href":"https:\/\/agora.xtec.cat\/esc-musica-parets\/wp-json\/wp\/v2\/users\/1"}],"replies":[{"embeddable":true,"href":"https:\/\/agora.xtec.cat\/esc-musica-parets\/wp-json\/wp\/v2\/comments?post=446"}],"version-history":[{"count":1,"href":"https:\/\/agora.xtec.cat\/esc-musica-parets\/wp-json\/wp\/v2\/posts\/446\/revisions"}],"predecessor-version":[{"id":651,"href":"https:\/\/agora.xtec.cat\/esc-musica-parets\/wp-json\/wp\/v2\/posts\/446\/revisions\/651"}],"wp:attachment":[{"href":"https:\/\/agora.xtec.cat\/esc-musica-parets\/wp-json\/wp\/v2\/media?parent=446"}],"wp:term":[{"taxonomy":"category","embeddable":true,"href":"https:\/\/agora.xtec.cat\/esc-musica-parets\/wp-json\/wp\/v2\/categories?post=446"},{"taxonomy":"post_tag","embeddable":true,"href":"https:\/\/agora.xtec.cat\/esc-musica-parets\/wp-json\/wp\/v2\/tags?post=446"}],"curies":[{"name":"wp","href":"https:\/\/api.w.org\/{rel}","templated":true}]}}