{"id":437,"date":"2013-02-12T07:35:00","date_gmt":"2013-02-12T06:35:00","guid":{"rendered":"http:\/\/agora.xtec.cat\/esc-musica-parets\/general\/audicio-dels-alumnes-del-programa-basic-1\/"},"modified":"2016-07-12T13:10:31","modified_gmt":"2016-07-12T12:10:31","slug":"audicio-dels-alumnes-del-programa-basic-1","status":"publish","type":"post","link":"https:\/\/agora.xtec.cat\/esc-musica-parets\/general\/audicio-dels-alumnes-del-programa-basic-1\/","title":{"rendered":"Audici\u00f3 dels alumnes del programa B\u00c0SIC 1"},"content":{"rendered":"<p><span style=\"font-family: Arial,Helvetica,sans-serif; font-size: small;\"><img decoding=\"async\" width=\"250\" align=\"left\" src=\"http:\/\/www.xtec.cat\/esc-musica-parets\/noticies\/basics.jpg\" \/>D&#8217;acord amb el nou plantejament educatiu exposat a finals del curs passat, els alumnes dels programes B\u00c0SIC tindran la pr\u00e0ctica musical com a eix fonamental en l&#8217;aprenentatge de la m\u00fasica i, en aquest sentit, diferents agrupacions instrumentals aix\u00ed com classes col\u00b7lectives d&#8217;instrument s&#8217;han posat en marxa des de principi de curs. Pels m\u00e9s menuts, el moment de tocar davant del p\u00fablic ha arribat aquest mes de febrer, en el que amb diferents combinacions instrumentals (guitarres, flautes, pianos i viol\u00ed) van oferir a un auditori entusiasta el seu repertori de can\u00e7ons.<\/span><\/p>\n","protected":false},"excerpt":{"rendered":"<p>D&#8217;acord amb el nou plantejament educatiu exposat a finals del curs passat, els alumnes dels programes B\u00c0SIC tindran la pr\u00e0ctica musical com a eix fonamental en l&#8217;aprenentatge de la m\u00fasica i, en aquest sentit, diferents agrupacions instrumentals aix\u00ed com classes col\u00b7lectives d&#8217;instrument s&#8217;han posat en&hellip;  <a href=\"https:\/\/agora.xtec.cat\/esc-musica-parets\/general\/audicio-dels-alumnes-del-programa-basic-1\/\" title=\"Read Audici\u00f3 dels alumnes del programa B\u00c0SIC 1\">Llegeix m\u00e9s\u00bb<\/a><\/p>\n","protected":false},"author":1,"featured_media":0,"comment_status":"open","ping_status":"open","sticky":false,"template":"","format":"standard","meta":{"_bbp_topic_count":0,"_bbp_reply_count":0,"_bbp_total_topic_count":0,"_bbp_total_reply_count":0,"_bbp_voice_count":0,"_bbp_anonymous_reply_count":0,"_bbp_topic_count_hidden":0,"_bbp_reply_count_hidden":0,"_bbp_forum_subforum_count":0,"footnotes":""},"categories":[1,29],"tags":[77],"class_list":["post-437","post","type-post","status-publish","format-standard","hentry","category-general","category-portada","tag-noticies"],"post_mailing_queue_ids":[],"_links":{"self":[{"href":"https:\/\/agora.xtec.cat\/esc-musica-parets\/wp-json\/wp\/v2\/posts\/437","targetHints":{"allow":["GET"]}}],"collection":[{"href":"https:\/\/agora.xtec.cat\/esc-musica-parets\/wp-json\/wp\/v2\/posts"}],"about":[{"href":"https:\/\/agora.xtec.cat\/esc-musica-parets\/wp-json\/wp\/v2\/types\/post"}],"author":[{"embeddable":true,"href":"https:\/\/agora.xtec.cat\/esc-musica-parets\/wp-json\/wp\/v2\/users\/1"}],"replies":[{"embeddable":true,"href":"https:\/\/agora.xtec.cat\/esc-musica-parets\/wp-json\/wp\/v2\/comments?post=437"}],"version-history":[{"count":1,"href":"https:\/\/agora.xtec.cat\/esc-musica-parets\/wp-json\/wp\/v2\/posts\/437\/revisions"}],"predecessor-version":[{"id":644,"href":"https:\/\/agora.xtec.cat\/esc-musica-parets\/wp-json\/wp\/v2\/posts\/437\/revisions\/644"}],"wp:attachment":[{"href":"https:\/\/agora.xtec.cat\/esc-musica-parets\/wp-json\/wp\/v2\/media?parent=437"}],"wp:term":[{"taxonomy":"category","embeddable":true,"href":"https:\/\/agora.xtec.cat\/esc-musica-parets\/wp-json\/wp\/v2\/categories?post=437"},{"taxonomy":"post_tag","embeddable":true,"href":"https:\/\/agora.xtec.cat\/esc-musica-parets\/wp-json\/wp\/v2\/tags?post=437"}],"curies":[{"name":"wp","href":"https:\/\/api.w.org\/{rel}","templated":true}]}}