{"id":433,"date":"2012-12-16T07:33:00","date_gmt":"2012-12-16T06:33:00","guid":{"rendered":"http:\/\/agora.xtec.cat\/esc-musica-parets\/general\/les-orquestres-de-lescola-participaran-a-la-marato-de-tv3\/"},"modified":"2016-07-12T13:11:09","modified_gmt":"2016-07-12T12:11:09","slug":"les-orquestres-de-lescola-participaran-a-la-marato-de-tv3","status":"publish","type":"post","link":"https:\/\/agora.xtec.cat\/esc-musica-parets\/general\/les-orquestres-de-lescola-participaran-a-la-marato-de-tv3\/","title":{"rendered":"Les orquestres de l&#8217;escola participaran a la Marat\u00f3 de TV3"},"content":{"rendered":"<p><strong style=\"font-family: Arial,Helvetica,sans-serif; font-size: small;\"><img decoding=\"async\" width=\"250\" align=\"left\" src=\"http:\/\/www.xtec.cat\/esc-musica-parets\/noticies\/Marato.jpg\" \/>L\u2019orquestra de guitarres i l\u2019orquestra de cambra<\/strong><span style=\"font-family: Arial,Helvetica,sans-serif; font-size: small;\"> de l\u2019escola municipal de m\u00fasica, dirigides per l\u2019Alejandro P\u00e9rez i la Cec\u00edlia Burguera respectivament, participaran el proper diumenge 16 de desembre a les 11.30h a la <\/span><strong style=\"font-family: Arial,Helvetica,sans-serif; font-size: small;\">Marat\u00f3 de TV3<\/strong><span style=\"font-family: Arial,Helvetica,sans-serif; font-size: small;\"> que enguany estar\u00e0 dedicada al c\u00e0ncer. Les actuacions es duran a terme a la pla\u00e7a de la vila coincidint amb l\u2019enregistrament de TV3.<\/span><\/p>\n","protected":false},"excerpt":{"rendered":"<p>L\u2019orquestra de guitarres i l\u2019orquestra de cambra de l\u2019escola municipal de m\u00fasica, dirigides per l\u2019Alejandro P\u00e9rez i la Cec\u00edlia Burguera respectivament, participaran el proper diumenge 16 de desembre a les 11.30h a la Marat\u00f3 de TV3 que enguany estar\u00e0 dedicada al c\u00e0ncer. Les actuacions es&hellip;  <a href=\"https:\/\/agora.xtec.cat\/esc-musica-parets\/general\/les-orquestres-de-lescola-participaran-a-la-marato-de-tv3\/\" title=\"Read Les orquestres de l&#8217;escola participaran a la Marat\u00f3 de TV3\">Llegeix m\u00e9s\u00bb<\/a><\/p>\n","protected":false},"author":1,"featured_media":0,"comment_status":"open","ping_status":"open","sticky":false,"template":"","format":"standard","meta":{"_bbp_topic_count":0,"_bbp_reply_count":0,"_bbp_total_topic_count":0,"_bbp_total_reply_count":0,"_bbp_voice_count":0,"_bbp_anonymous_reply_count":0,"_bbp_topic_count_hidden":0,"_bbp_reply_count_hidden":0,"_bbp_forum_subforum_count":0,"footnotes":""},"categories":[1,29],"tags":[77],"class_list":["post-433","post","type-post","status-publish","format-standard","hentry","category-general","category-portada","tag-noticies"],"post_mailing_queue_ids":[],"_links":{"self":[{"href":"https:\/\/agora.xtec.cat\/esc-musica-parets\/wp-json\/wp\/v2\/posts\/433","targetHints":{"allow":["GET"]}}],"collection":[{"href":"https:\/\/agora.xtec.cat\/esc-musica-parets\/wp-json\/wp\/v2\/posts"}],"about":[{"href":"https:\/\/agora.xtec.cat\/esc-musica-parets\/wp-json\/wp\/v2\/types\/post"}],"author":[{"embeddable":true,"href":"https:\/\/agora.xtec.cat\/esc-musica-parets\/wp-json\/wp\/v2\/users\/1"}],"replies":[{"embeddable":true,"href":"https:\/\/agora.xtec.cat\/esc-musica-parets\/wp-json\/wp\/v2\/comments?post=433"}],"version-history":[{"count":1,"href":"https:\/\/agora.xtec.cat\/esc-musica-parets\/wp-json\/wp\/v2\/posts\/433\/revisions"}],"predecessor-version":[{"id":640,"href":"https:\/\/agora.xtec.cat\/esc-musica-parets\/wp-json\/wp\/v2\/posts\/433\/revisions\/640"}],"wp:attachment":[{"href":"https:\/\/agora.xtec.cat\/esc-musica-parets\/wp-json\/wp\/v2\/media?parent=433"}],"wp:term":[{"taxonomy":"category","embeddable":true,"href":"https:\/\/agora.xtec.cat\/esc-musica-parets\/wp-json\/wp\/v2\/categories?post=433"},{"taxonomy":"post_tag","embeddable":true,"href":"https:\/\/agora.xtec.cat\/esc-musica-parets\/wp-json\/wp\/v2\/tags?post=433"}],"curies":[{"name":"wp","href":"https:\/\/api.w.org\/{rel}","templated":true}]}}