{"id":3455,"date":"2025-11-27T19:54:51","date_gmt":"2025-11-27T18:54:51","guid":{"rendered":"https:\/\/agora.xtec.cat\/esc-musica-parets\/?p=3455"},"modified":"2025-11-27T19:55:56","modified_gmt":"2025-11-27T18:55:56","slug":"la-coral-de-lescola-participa-a-lacte-del-25n","status":"publish","type":"post","link":"https:\/\/agora.xtec.cat\/esc-musica-parets\/general\/la-coral-de-lescola-participa-a-lacte-del-25n\/","title":{"rendered":"Una representaci\u00f3 de la coral d&#8217;adults participa a l&#8217;acte del 25N"},"content":{"rendered":"<p class=\"_ap3a _aaco _aacu _aacx _aad7 _aade\" dir=\"auto\">El passat 25 de novembre, la coral d&#8217;adults de l&#8217;escola municipal de m\u00fasica va participar en la celebraci\u00f3 del <strong>Dia Internacional per l&#8217;eliminaci\u00f3 de la viol\u00e8ncia envers les dones<\/strong> que ha tingut lloc a la pla\u00e7a de la vila. L&#8217;acte va comen\u00e7ar amb la lectura d&#8217;un manifest institucional i tot seguit va intervir la coral amb una fant\u00e0stica interpretaci\u00f3 de dues peces molt emotives alhora que reivindicatives.<\/p>\n<p dir=\"auto\" style=\"text-align: center;\"><a href=\"https:\/\/agora.xtec.cat\/esc-musica-parets\/wp-content\/uploads\/usu1283\/2025\/11\/WhatsApp-Image-2025-11-25-at-16.07.56_8.jpg\"><img loading=\"lazy\" decoding=\"async\" class=\"alignnone size-full wp-image-3456\" src=\"https:\/\/agora.xtec.cat\/esc-musica-parets\/wp-content\/uploads\/usu1283\/2025\/11\/WhatsApp-Image-2025-11-25-at-16.07.56_8.jpg\" alt=\"\" width=\"682\" height=\"440\" srcset=\"https:\/\/agora.xtec.cat\/esc-musica-parets\/wp-content\/uploads\/usu1283\/2025\/11\/WhatsApp-Image-2025-11-25-at-16.07.56_8.jpg 682w, https:\/\/agora.xtec.cat\/esc-musica-parets\/wp-content\/uploads\/usu1283\/2025\/11\/WhatsApp-Image-2025-11-25-at-16.07.56_8-300x194.jpg 300w\" sizes=\"auto, (max-width: 682px) 100vw, 682px\" \/><\/a><\/p>\n","protected":false},"excerpt":{"rendered":"<p>El passat 25 de novembre, la coral d&#8217;adults de l&#8217;escola municipal de m\u00fasica va participar en la celebraci\u00f3 del Dia Internacional per l&#8217;eliminaci\u00f3 de la viol\u00e8ncia envers les dones que ha tingut lloc a la pla\u00e7a de la vila. L&#8217;acte va comen\u00e7ar amb la lectura&hellip;  <a href=\"https:\/\/agora.xtec.cat\/esc-musica-parets\/general\/la-coral-de-lescola-participa-a-lacte-del-25n\/\" title=\"Read Una representaci\u00f3 de la coral d&#8217;adults participa a l&#8217;acte del 25N\">Llegeix m\u00e9s\u00bb<\/a><\/p>\n","protected":false},"author":1,"featured_media":3456,"comment_status":"open","ping_status":"open","sticky":false,"template":"","format":"standard","meta":{"_bbp_topic_count":0,"_bbp_reply_count":0,"_bbp_total_topic_count":0,"_bbp_total_reply_count":0,"_bbp_voice_count":0,"_bbp_anonymous_reply_count":0,"_bbp_topic_count_hidden":0,"_bbp_reply_count_hidden":0,"_bbp_forum_subforum_count":0,"footnotes":""},"categories":[1,29],"tags":[83,151,150,77],"class_list":["post-3455","post","type-post","status-publish","format-standard","has-post-thumbnail","hentry","category-general","category-portada","tag-corals","tag-emm-parets","tag-escola-musica","tag-noticies"],"post_mailing_queue_ids":[],"_links":{"self":[{"href":"https:\/\/agora.xtec.cat\/esc-musica-parets\/wp-json\/wp\/v2\/posts\/3455","targetHints":{"allow":["GET"]}}],"collection":[{"href":"https:\/\/agora.xtec.cat\/esc-musica-parets\/wp-json\/wp\/v2\/posts"}],"about":[{"href":"https:\/\/agora.xtec.cat\/esc-musica-parets\/wp-json\/wp\/v2\/types\/post"}],"author":[{"embeddable":true,"href":"https:\/\/agora.xtec.cat\/esc-musica-parets\/wp-json\/wp\/v2\/users\/1"}],"replies":[{"embeddable":true,"href":"https:\/\/agora.xtec.cat\/esc-musica-parets\/wp-json\/wp\/v2\/comments?post=3455"}],"version-history":[{"count":3,"href":"https:\/\/agora.xtec.cat\/esc-musica-parets\/wp-json\/wp\/v2\/posts\/3455\/revisions"}],"predecessor-version":[{"id":3459,"href":"https:\/\/agora.xtec.cat\/esc-musica-parets\/wp-json\/wp\/v2\/posts\/3455\/revisions\/3459"}],"wp:featuredmedia":[{"embeddable":true,"href":"https:\/\/agora.xtec.cat\/esc-musica-parets\/wp-json\/wp\/v2\/media\/3456"}],"wp:attachment":[{"href":"https:\/\/agora.xtec.cat\/esc-musica-parets\/wp-json\/wp\/v2\/media?parent=3455"}],"wp:term":[{"taxonomy":"category","embeddable":true,"href":"https:\/\/agora.xtec.cat\/esc-musica-parets\/wp-json\/wp\/v2\/categories?post=3455"},{"taxonomy":"post_tag","embeddable":true,"href":"https:\/\/agora.xtec.cat\/esc-musica-parets\/wp-json\/wp\/v2\/tags?post=3455"}],"curies":[{"name":"wp","href":"https:\/\/api.w.org\/{rel}","templated":true}]}}