{"id":3439,"date":"2025-11-03T19:49:23","date_gmt":"2025-11-03T18:49:23","guid":{"rendered":"https:\/\/agora.xtec.cat\/esc-musica-parets\/?p=3439"},"modified":"2025-11-03T19:49:23","modified_gmt":"2025-11-03T18:49:23","slug":"tots-sants-al-cementiri-municipal-de-parets","status":"publish","type":"post","link":"https:\/\/agora.xtec.cat\/esc-musica-parets\/general\/tots-sants-al-cementiri-municipal-de-parets\/","title":{"rendered":"Tots Sants al cementiri municipal de Parets"},"content":{"rendered":"<p><span lang=\"CA\">D<\/span><span lang=\"CA\">issabte, 1 de novembre, Parets va commemorar un any m\u00e9s la festivitat de Tots Sants, amb un acte institucional al Cementiri Municipal. Despr\u00e9s de la benvinguda, es va descobrir una placa amb un fragment del poema <i>Quan jo marxi<\/i>, del poeta, narrador i dramaturg argent\u00ed Carlos Alberto Boaglio. L\u2019entitat Niu d\u2019Art ofer\u00ed un recital po\u00e8tic i, tot seguit, es va poder gaudir d\u2019un concert a c\u00e0rrec del duet format per In\u00e9s Moraleda (mezzo soprano) i Jordi Azagra (piano), director de l\u2019Escola Municipal de M\u00fasica de Parets. El repertori del concert, que va comptar amb una bona assist\u00e8ncia de p\u00fablic, va incloure temes cl\u00e0ssics, populars i catalans.<\/span><\/p>\n\n\t\t<style type=\"text\/css\">\n\t\t\t#gallery-1 {\n\t\t\t\tmargin: auto;\n\t\t\t}\n\t\t\t#gallery-1 .gallery-item {\n\t\t\t\tfloat: left;\n\t\t\t\tmargin-top: 10px;\n\t\t\t\ttext-align: center;\n\t\t\t\twidth: 50%;\n\t\t\t}\n\t\t\t#gallery-1 img {\n\t\t\t\tborder: 2px solid #cfcfcf;\n\t\t\t}\n\t\t\t#gallery-1 .gallery-caption {\n\t\t\t\tmargin-left: 0;\n\t\t\t}\n\t\t\t\/* see gallery_shortcode() in wp-includes\/media.php *\/\n\t\t<\/style>\n\t\t<div id='gallery-1' class='gallery galleryid-3439 gallery-columns-2 gallery-size-full'><dl class='gallery-item'>\n\t\t\t<dt class='gallery-icon landscape'>\n\t\t\t\t<a href='https:\/\/agora.xtec.cat\/esc-musica-parets\/general\/tots-sants-al-cementiri-municipal-de-parets\/attachment\/img-20251103-wa0010\/'><img loading=\"lazy\" decoding=\"async\" width=\"2016\" height=\"1512\" src=\"https:\/\/agora.xtec.cat\/esc-musica-parets\/wp-content\/uploads\/usu1283\/2025\/11\/IMG-20251103-WA0010.jpg\" class=\"attachment-full size-full\" alt=\"\" srcset=\"https:\/\/agora.xtec.cat\/esc-musica-parets\/wp-content\/uploads\/usu1283\/2025\/11\/IMG-20251103-WA0010.jpg 2016w, https:\/\/agora.xtec.cat\/esc-musica-parets\/wp-content\/uploads\/usu1283\/2025\/11\/IMG-20251103-WA0010-300x225.jpg 300w, https:\/\/agora.xtec.cat\/esc-musica-parets\/wp-content\/uploads\/usu1283\/2025\/11\/IMG-20251103-WA0010-1024x768.jpg 1024w, https:\/\/agora.xtec.cat\/esc-musica-parets\/wp-content\/uploads\/usu1283\/2025\/11\/IMG-20251103-WA0010-768x576.jpg 768w, https:\/\/agora.xtec.cat\/esc-musica-parets\/wp-content\/uploads\/usu1283\/2025\/11\/IMG-20251103-WA0010-1536x1152.jpg 1536w, https:\/\/agora.xtec.cat\/esc-musica-parets\/wp-content\/uploads\/usu1283\/2025\/11\/IMG-20251103-WA0010-200x150.jpg 200w\" sizes=\"auto, (max-width: 2016px) 100vw, 2016px\" \/><\/a>\n\t\t\t<\/dt><\/dl><dl class='gallery-item'>\n\t\t\t<dt class='gallery-icon landscape'>\n\t\t\t\t<a href='https:\/\/agora.xtec.cat\/esc-musica-parets\/general\/tots-sants-al-cementiri-municipal-de-parets\/attachment\/img-20251103-wa0001\/'><img loading=\"lazy\" decoding=\"async\" width=\"2016\" height=\"1512\" src=\"https:\/\/agora.xtec.cat\/esc-musica-parets\/wp-content\/uploads\/usu1283\/2025\/11\/IMG-20251103-WA0001.jpg\" class=\"attachment-full size-full\" alt=\"\" srcset=\"https:\/\/agora.xtec.cat\/esc-musica-parets\/wp-content\/uploads\/usu1283\/2025\/11\/IMG-20251103-WA0001.jpg 2016w, https:\/\/agora.xtec.cat\/esc-musica-parets\/wp-content\/uploads\/usu1283\/2025\/11\/IMG-20251103-WA0001-300x225.jpg 300w, https:\/\/agora.xtec.cat\/esc-musica-parets\/wp-content\/uploads\/usu1283\/2025\/11\/IMG-20251103-WA0001-1024x768.jpg 1024w, https:\/\/agora.xtec.cat\/esc-musica-parets\/wp-content\/uploads\/usu1283\/2025\/11\/IMG-20251103-WA0001-768x576.jpg 768w, https:\/\/agora.xtec.cat\/esc-musica-parets\/wp-content\/uploads\/usu1283\/2025\/11\/IMG-20251103-WA0001-1536x1152.jpg 1536w, https:\/\/agora.xtec.cat\/esc-musica-parets\/wp-content\/uploads\/usu1283\/2025\/11\/IMG-20251103-WA0001-200x150.jpg 200w\" sizes=\"auto, (max-width: 2016px) 100vw, 2016px\" \/><\/a>\n\t\t\t<\/dt><\/dl><br style=\"clear: both\" \/>\n\t\t<\/div>\n\n","protected":false},"excerpt":{"rendered":"<p>Dissabte, 1 de novembre, Parets va commemorar un any m\u00e9s la festivitat de Tots Sants, amb un acte institucional al Cementiri Municipal. Despr\u00e9s de la benvinguda, es va descobrir una placa amb un fragment del poema Quan jo marxi, del poeta, narrador i dramaturg argent\u00ed&hellip;  <a href=\"https:\/\/agora.xtec.cat\/esc-musica-parets\/general\/tots-sants-al-cementiri-municipal-de-parets\/\" title=\"Read Tots Sants al cementiri municipal de Parets\">Llegeix m\u00e9s\u00bb<\/a><\/p>\n","protected":false},"author":1,"featured_media":3443,"comment_status":"open","ping_status":"open","sticky":false,"template":"","format":"standard","meta":{"_bbp_topic_count":0,"_bbp_reply_count":0,"_bbp_total_topic_count":0,"_bbp_total_reply_count":0,"_bbp_voice_count":0,"_bbp_anonymous_reply_count":0,"_bbp_topic_count_hidden":0,"_bbp_reply_count_hidden":0,"_bbp_forum_subforum_count":0,"footnotes":""},"categories":[1,29],"tags":[151,150,77,152,148],"class_list":["post-3439","post","type-post","status-publish","format-standard","has-post-thumbnail","hentry","category-general","category-portada","tag-emm-parets","tag-escola-musica","tag-noticies","tag-professors","tag-tots-sants"],"post_mailing_queue_ids":[],"_links":{"self":[{"href":"https:\/\/agora.xtec.cat\/esc-musica-parets\/wp-json\/wp\/v2\/posts\/3439","targetHints":{"allow":["GET"]}}],"collection":[{"href":"https:\/\/agora.xtec.cat\/esc-musica-parets\/wp-json\/wp\/v2\/posts"}],"about":[{"href":"https:\/\/agora.xtec.cat\/esc-musica-parets\/wp-json\/wp\/v2\/types\/post"}],"author":[{"embeddable":true,"href":"https:\/\/agora.xtec.cat\/esc-musica-parets\/wp-json\/wp\/v2\/users\/1"}],"replies":[{"embeddable":true,"href":"https:\/\/agora.xtec.cat\/esc-musica-parets\/wp-json\/wp\/v2\/comments?post=3439"}],"version-history":[{"count":1,"href":"https:\/\/agora.xtec.cat\/esc-musica-parets\/wp-json\/wp\/v2\/posts\/3439\/revisions"}],"predecessor-version":[{"id":3444,"href":"https:\/\/agora.xtec.cat\/esc-musica-parets\/wp-json\/wp\/v2\/posts\/3439\/revisions\/3444"}],"wp:featuredmedia":[{"embeddable":true,"href":"https:\/\/agora.xtec.cat\/esc-musica-parets\/wp-json\/wp\/v2\/media\/3443"}],"wp:attachment":[{"href":"https:\/\/agora.xtec.cat\/esc-musica-parets\/wp-json\/wp\/v2\/media?parent=3439"}],"wp:term":[{"taxonomy":"category","embeddable":true,"href":"https:\/\/agora.xtec.cat\/esc-musica-parets\/wp-json\/wp\/v2\/categories?post=3439"},{"taxonomy":"post_tag","embeddable":true,"href":"https:\/\/agora.xtec.cat\/esc-musica-parets\/wp-json\/wp\/v2\/tags?post=3439"}],"curies":[{"name":"wp","href":"https:\/\/api.w.org\/{rel}","templated":true}]}}