{"id":3428,"date":"2025-09-30T17:27:09","date_gmt":"2025-09-30T15:27:09","guid":{"rendered":"https:\/\/agora.xtec.cat\/esc-musica-parets\/?p=3428"},"modified":"2025-09-30T17:27:48","modified_gmt":"2025-09-30T15:27:48","slug":"sobre-el-periode-per-sollicitar-les-beques-artistiques-curs-2024-25","status":"publish","type":"post","link":"https:\/\/agora.xtec.cat\/esc-musica-parets\/general\/sobre-el-periode-per-sollicitar-les-beques-artistiques-curs-2024-25\/","title":{"rendered":"S&#8217;obre el per\u00edode per sol\u00b7licitar les Beques Art\u00edstiques curs 2024-25"},"content":{"rendered":"<p><a href=\"https:\/\/agora.xtec.cat\/esc-musica-parets\/wp-content\/uploads\/usu1283\/2024\/09\/Beques_2023-24-e1725555662499.jpg\"><img loading=\"lazy\" decoding=\"async\" class=\"size-full wp-image-3244 alignleft\" src=\"https:\/\/agora.xtec.cat\/esc-musica-parets\/wp-content\/uploads\/usu1283\/2024\/09\/Beques_2023-24-e1725555662499.jpg\" alt=\"\" width=\"332\" height=\"200\" \/><\/a><\/p>\n<p>Us informem que ja s&#8217;han aprovat i publicat les bases i convocat\u00f2ria de les subvencions per a la formaci\u00f3 art\u00edstica a Parets del Vall\u00e8s corresponent al curs 2024-25. <strong>Fins el 20 d&#8217;octubre de 2025<\/strong>\u00a0ser\u00e0 el termini del que disposaran els sol\u00b7licitants que reuneixin les condicions establertes en les bases corresponents, per presentar les seves candidatures. Adjuntem en aquest article les <a href=\"https:\/\/agora.xtec.cat\/esc-musica-parets\/wp-content\/uploads\/usu1283\/2025\/09\/CONVOCATORIA-BEQUES-ARTISTIQUES.pdf\"><strong>BASES<\/strong><\/a> per a la seva consulta.<\/p>\n","protected":false},"excerpt":{"rendered":"<p><a href=\"https:\/\/agora.xtec.cat\/esc-musica-parets\/wp-content\/uploads\/usu1283\/2024\/09\/Beques_2023-24-e1725555662499.jpg\"><\/a><br \/>\nUs informem que ja s&#8217;han aprovat i publicat les bases i convocat\u00f2ria de les subvencions per a la formaci\u00f3 art\u00edstica a Parets del Vall\u00e8s corresponent al curs 2024-25. Fins el 20 d&#8217;octubre de 2025\u00a0ser\u00e0 el termini del que disposaran els sol\u00b7licitants que reuneixin les&hellip;  <a href=\"https:\/\/agora.xtec.cat\/esc-musica-parets\/general\/sobre-el-periode-per-sollicitar-les-beques-artistiques-curs-2024-25\/\" title=\"Read S&#8217;obre el per\u00edode per sol\u00b7licitar les Beques Art\u00edstiques curs 2024-25\">Llegeix m\u00e9s\u00bb<\/a><\/p>\n","protected":false},"author":1,"featured_media":3244,"comment_status":"open","ping_status":"open","sticky":false,"template":"","format":"standard","meta":{"_bbp_topic_count":0,"_bbp_reply_count":0,"_bbp_total_topic_count":0,"_bbp_total_reply_count":0,"_bbp_voice_count":0,"_bbp_anonymous_reply_count":0,"_bbp_topic_count_hidden":0,"_bbp_reply_count_hidden":0,"_bbp_forum_subforum_count":0,"footnotes":""},"categories":[1,29],"tags":[153,151,150,77],"class_list":["post-3428","post","type-post","status-publish","format-standard","has-post-thumbnail","hentry","category-general","category-portada","tag-beques","tag-emm-parets","tag-escola-musica","tag-noticies"],"post_mailing_queue_ids":[],"_links":{"self":[{"href":"https:\/\/agora.xtec.cat\/esc-musica-parets\/wp-json\/wp\/v2\/posts\/3428","targetHints":{"allow":["GET"]}}],"collection":[{"href":"https:\/\/agora.xtec.cat\/esc-musica-parets\/wp-json\/wp\/v2\/posts"}],"about":[{"href":"https:\/\/agora.xtec.cat\/esc-musica-parets\/wp-json\/wp\/v2\/types\/post"}],"author":[{"embeddable":true,"href":"https:\/\/agora.xtec.cat\/esc-musica-parets\/wp-json\/wp\/v2\/users\/1"}],"replies":[{"embeddable":true,"href":"https:\/\/agora.xtec.cat\/esc-musica-parets\/wp-json\/wp\/v2\/comments?post=3428"}],"version-history":[{"count":1,"href":"https:\/\/agora.xtec.cat\/esc-musica-parets\/wp-json\/wp\/v2\/posts\/3428\/revisions"}],"predecessor-version":[{"id":3430,"href":"https:\/\/agora.xtec.cat\/esc-musica-parets\/wp-json\/wp\/v2\/posts\/3428\/revisions\/3430"}],"wp:featuredmedia":[{"embeddable":true,"href":"https:\/\/agora.xtec.cat\/esc-musica-parets\/wp-json\/wp\/v2\/media\/3244"}],"wp:attachment":[{"href":"https:\/\/agora.xtec.cat\/esc-musica-parets\/wp-json\/wp\/v2\/media?parent=3428"}],"wp:term":[{"taxonomy":"category","embeddable":true,"href":"https:\/\/agora.xtec.cat\/esc-musica-parets\/wp-json\/wp\/v2\/categories?post=3428"},{"taxonomy":"post_tag","embeddable":true,"href":"https:\/\/agora.xtec.cat\/esc-musica-parets\/wp-json\/wp\/v2\/tags?post=3428"}],"curies":[{"name":"wp","href":"https:\/\/api.w.org\/{rel}","templated":true}]}}