{"id":3356,"date":"2025-05-23T19:20:45","date_gmt":"2025-05-23T17:20:45","guid":{"rendered":"https:\/\/agora.xtec.cat\/esc-musica-parets\/?p=3356"},"modified":"2025-05-23T19:26:16","modified_gmt":"2025-05-23T17:26:16","slug":"sessions-de-musica-a-les-classes-de-post-part","status":"publish","type":"post","link":"https:\/\/agora.xtec.cat\/esc-musica-parets\/general\/sessions-de-musica-a-les-classes-de-post-part\/","title":{"rendered":"Sessions de m\u00fasica a les classes de post-part"},"content":{"rendered":"<p>Enguany s&#8217;han inciat unes sessions de m\u00fasica a les classes de post-part que s&#8217;ofereixen des del CAP de Parets. Aquestes sessions, a c\u00e0rrec de la professora de sensibilitzaci\u00f3 i iniciacions musicals de l&#8217;escola de m\u00fasica, N\u00faria Monzonis, volen donar recursos a les noves mares per, a trav\u00e9s de la m\u00fasica, crear lla\u00e7os de proximitats amb els seus nadons.<\/p>\n<p><a href=\"https:\/\/agora.xtec.cat\/esc-musica-parets\/wp-content\/uploads\/usu1283\/2025\/05\/IMG-20250425-WA0000.jpg\"><img loading=\"lazy\" decoding=\"async\" class=\"alignnone size-full wp-image-3355\" src=\"https:\/\/agora.xtec.cat\/esc-musica-parets\/wp-content\/uploads\/usu1283\/2025\/05\/IMG-20250425-WA0000.jpg\" alt=\"\" width=\"1600\" height=\"1200\" srcset=\"https:\/\/agora.xtec.cat\/esc-musica-parets\/wp-content\/uploads\/usu1283\/2025\/05\/IMG-20250425-WA0000.jpg 1600w, https:\/\/agora.xtec.cat\/esc-musica-parets\/wp-content\/uploads\/usu1283\/2025\/05\/IMG-20250425-WA0000-300x225.jpg 300w, https:\/\/agora.xtec.cat\/esc-musica-parets\/wp-content\/uploads\/usu1283\/2025\/05\/IMG-20250425-WA0000-1024x768.jpg 1024w, https:\/\/agora.xtec.cat\/esc-musica-parets\/wp-content\/uploads\/usu1283\/2025\/05\/IMG-20250425-WA0000-768x576.jpg 768w, https:\/\/agora.xtec.cat\/esc-musica-parets\/wp-content\/uploads\/usu1283\/2025\/05\/IMG-20250425-WA0000-1536x1152.jpg 1536w, https:\/\/agora.xtec.cat\/esc-musica-parets\/wp-content\/uploads\/usu1283\/2025\/05\/IMG-20250425-WA0000-200x150.jpg 200w\" sizes=\"auto, (max-width: 1600px) 100vw, 1600px\" \/><\/a><\/p>\n","protected":false},"excerpt":{"rendered":"<p>Enguany s&#8217;han inciat unes sessions de m\u00fasica a les classes de post-part que s&#8217;ofereixen des del CAP de Parets. Aquestes sessions, a c\u00e0rrec de la professora de sensibilitzaci\u00f3 i iniciacions musicals de l&#8217;escola de m\u00fasica, N\u00faria Monzonis, volen donar recursos a les noves mares per,&hellip;  <a href=\"https:\/\/agora.xtec.cat\/esc-musica-parets\/general\/sessions-de-musica-a-les-classes-de-post-part\/\" title=\"Read Sessions de m\u00fasica a les classes de post-part\">Llegeix m\u00e9s\u00bb<\/a><\/p>\n","protected":false},"author":1,"featured_media":3355,"comment_status":"open","ping_status":"closed","sticky":false,"template":"","format":"standard","meta":{"_bbp_topic_count":0,"_bbp_reply_count":0,"_bbp_total_topic_count":0,"_bbp_total_reply_count":0,"_bbp_voice_count":0,"_bbp_anonymous_reply_count":0,"_bbp_topic_count_hidden":0,"_bbp_reply_count_hidden":0,"_bbp_forum_subforum_count":0,"footnotes":""},"categories":[1,29],"tags":[151,150,77,152],"class_list":["post-3356","post","type-post","status-publish","format-standard","has-post-thumbnail","hentry","category-general","category-portada","tag-emm-parets","tag-escola-musica","tag-noticies","tag-professors"],"post_mailing_queue_ids":[],"_links":{"self":[{"href":"https:\/\/agora.xtec.cat\/esc-musica-parets\/wp-json\/wp\/v2\/posts\/3356","targetHints":{"allow":["GET"]}}],"collection":[{"href":"https:\/\/agora.xtec.cat\/esc-musica-parets\/wp-json\/wp\/v2\/posts"}],"about":[{"href":"https:\/\/agora.xtec.cat\/esc-musica-parets\/wp-json\/wp\/v2\/types\/post"}],"author":[{"embeddable":true,"href":"https:\/\/agora.xtec.cat\/esc-musica-parets\/wp-json\/wp\/v2\/users\/1"}],"replies":[{"embeddable":true,"href":"https:\/\/agora.xtec.cat\/esc-musica-parets\/wp-json\/wp\/v2\/comments?post=3356"}],"version-history":[{"count":1,"href":"https:\/\/agora.xtec.cat\/esc-musica-parets\/wp-json\/wp\/v2\/posts\/3356\/revisions"}],"predecessor-version":[{"id":3357,"href":"https:\/\/agora.xtec.cat\/esc-musica-parets\/wp-json\/wp\/v2\/posts\/3356\/revisions\/3357"}],"wp:featuredmedia":[{"embeddable":true,"href":"https:\/\/agora.xtec.cat\/esc-musica-parets\/wp-json\/wp\/v2\/media\/3355"}],"wp:attachment":[{"href":"https:\/\/agora.xtec.cat\/esc-musica-parets\/wp-json\/wp\/v2\/media?parent=3356"}],"wp:term":[{"taxonomy":"category","embeddable":true,"href":"https:\/\/agora.xtec.cat\/esc-musica-parets\/wp-json\/wp\/v2\/categories?post=3356"},{"taxonomy":"post_tag","embeddable":true,"href":"https:\/\/agora.xtec.cat\/esc-musica-parets\/wp-json\/wp\/v2\/tags?post=3356"}],"curies":[{"name":"wp","href":"https:\/\/api.w.org\/{rel}","templated":true}]}}