{"id":3322,"date":"2025-01-16T18:51:21","date_gmt":"2025-01-16T17:51:21","guid":{"rendered":"https:\/\/agora.xtec.cat\/esc-musica-parets\/?p=3322"},"modified":"2025-01-16T19:30:08","modified_gmt":"2025-01-16T18:30:08","slug":"sinicien-les-audicions-per-a-escolars-2025","status":"publish","type":"post","link":"https:\/\/agora.xtec.cat\/esc-musica-parets\/general\/sinicien-les-audicions-per-a-escolars-2025\/","title":{"rendered":"S&#8217;inicien les &#8220;Audicions per a escolars&#8221; 2025"},"content":{"rendered":"<p>A partir del dijous 16 de gener de 2025, i fins el mes d&#8217;abril, s&#8217;inicia el nou cicle d'&#8221;Audicions per a escolars&#8221; on, a prop de 800 nens i nenes de 6\u00e8, 4t, 2n i I5 de tots els col\u00b7legis de Parets del Vall\u00e8s, passaran per l&#8217;auditori de l&#8217;escola municipal de m\u00fasica per sentir actuacions en directe a c\u00e0rrec de professors i professores del centre a trav\u00e9s d&#8217;audicions interactives creades per a ells, com &#8220;Te&#8217;n recordes dels vinils?&#8221; o &#8220;Quina animalada!&#8221;. Aquesta activitat compta amb m\u00e9s de 30 anys de traject\u00f2ria.<\/p>\n\n\t\t<style type=\"text\/css\">\n\t\t\t#gallery-1 {\n\t\t\t\tmargin: auto;\n\t\t\t}\n\t\t\t#gallery-1 .gallery-item {\n\t\t\t\tfloat: left;\n\t\t\t\tmargin-top: 10px;\n\t\t\t\ttext-align: center;\n\t\t\t\twidth: 50%;\n\t\t\t}\n\t\t\t#gallery-1 img {\n\t\t\t\tborder: 2px solid #cfcfcf;\n\t\t\t}\n\t\t\t#gallery-1 .gallery-caption {\n\t\t\t\tmargin-left: 0;\n\t\t\t}\n\t\t\t\/* see gallery_shortcode() in wp-includes\/media.php *\/\n\t\t<\/style>\n\t\t<div id='gallery-1' class='gallery galleryid-3322 gallery-columns-2 gallery-size-full'><dl class='gallery-item'>\n\t\t\t<dt class='gallery-icon landscape'>\n\t\t\t\t<a href='https:\/\/agora.xtec.cat\/esc-musica-parets\/general\/sinicien-les-audicions-per-a-escolars-2025\/attachment\/img-20250116-wa0000\/'><img loading=\"lazy\" decoding=\"async\" width=\"2000\" height=\"900\" src=\"https:\/\/agora.xtec.cat\/esc-musica-parets\/wp-content\/uploads\/usu1283\/2025\/01\/IMG-20250116-WA0000.jpg\" class=\"attachment-full size-full\" alt=\"\" srcset=\"https:\/\/agora.xtec.cat\/esc-musica-parets\/wp-content\/uploads\/usu1283\/2025\/01\/IMG-20250116-WA0000.jpg 2000w, https:\/\/agora.xtec.cat\/esc-musica-parets\/wp-content\/uploads\/usu1283\/2025\/01\/IMG-20250116-WA0000-300x135.jpg 300w, https:\/\/agora.xtec.cat\/esc-musica-parets\/wp-content\/uploads\/usu1283\/2025\/01\/IMG-20250116-WA0000-1024x461.jpg 1024w, https:\/\/agora.xtec.cat\/esc-musica-parets\/wp-content\/uploads\/usu1283\/2025\/01\/IMG-20250116-WA0000-768x346.jpg 768w, https:\/\/agora.xtec.cat\/esc-musica-parets\/wp-content\/uploads\/usu1283\/2025\/01\/IMG-20250116-WA0000-1536x691.jpg 1536w\" sizes=\"auto, (max-width: 2000px) 100vw, 2000px\" \/><\/a>\n\t\t\t<\/dt><\/dl><dl class='gallery-item'>\n\t\t\t<dt class='gallery-icon landscape'>\n\t\t\t\t<a href='https:\/\/agora.xtec.cat\/esc-musica-parets\/general\/sinicien-les-audicions-per-a-escolars-2025\/attachment\/img-20250116-wa0002\/'><img loading=\"lazy\" decoding=\"async\" width=\"2000\" height=\"900\" src=\"https:\/\/agora.xtec.cat\/esc-musica-parets\/wp-content\/uploads\/usu1283\/2025\/01\/IMG-20250116-WA0002.jpg\" class=\"attachment-full size-full\" alt=\"\" srcset=\"https:\/\/agora.xtec.cat\/esc-musica-parets\/wp-content\/uploads\/usu1283\/2025\/01\/IMG-20250116-WA0002.jpg 2000w, https:\/\/agora.xtec.cat\/esc-musica-parets\/wp-content\/uploads\/usu1283\/2025\/01\/IMG-20250116-WA0002-300x135.jpg 300w, https:\/\/agora.xtec.cat\/esc-musica-parets\/wp-content\/uploads\/usu1283\/2025\/01\/IMG-20250116-WA0002-1024x461.jpg 1024w, https:\/\/agora.xtec.cat\/esc-musica-parets\/wp-content\/uploads\/usu1283\/2025\/01\/IMG-20250116-WA0002-768x346.jpg 768w, https:\/\/agora.xtec.cat\/esc-musica-parets\/wp-content\/uploads\/usu1283\/2025\/01\/IMG-20250116-WA0002-1536x691.jpg 1536w\" sizes=\"auto, (max-width: 2000px) 100vw, 2000px\" \/><\/a>\n\t\t\t<\/dt><\/dl><br style=\"clear: both\" \/><dl class='gallery-item'>\n\t\t\t<dt class='gallery-icon landscape'>\n\t\t\t\t<a href='https:\/\/agora.xtec.cat\/esc-musica-parets\/general\/sinicien-les-audicions-per-a-escolars-2025\/attachment\/img-20250116-wa0003\/'><img loading=\"lazy\" decoding=\"async\" width=\"2000\" height=\"900\" src=\"https:\/\/agora.xtec.cat\/esc-musica-parets\/wp-content\/uploads\/usu1283\/2025\/01\/IMG-20250116-WA0003.jpg\" class=\"attachment-full size-full\" alt=\"\" srcset=\"https:\/\/agora.xtec.cat\/esc-musica-parets\/wp-content\/uploads\/usu1283\/2025\/01\/IMG-20250116-WA0003.jpg 2000w, https:\/\/agora.xtec.cat\/esc-musica-parets\/wp-content\/uploads\/usu1283\/2025\/01\/IMG-20250116-WA0003-300x135.jpg 300w, https:\/\/agora.xtec.cat\/esc-musica-parets\/wp-content\/uploads\/usu1283\/2025\/01\/IMG-20250116-WA0003-1024x461.jpg 1024w, https:\/\/agora.xtec.cat\/esc-musica-parets\/wp-content\/uploads\/usu1283\/2025\/01\/IMG-20250116-WA0003-768x346.jpg 768w, https:\/\/agora.xtec.cat\/esc-musica-parets\/wp-content\/uploads\/usu1283\/2025\/01\/IMG-20250116-WA0003-1536x691.jpg 1536w\" sizes=\"auto, (max-width: 2000px) 100vw, 2000px\" \/><\/a>\n\t\t\t<\/dt><\/dl><dl class='gallery-item'>\n\t\t\t<dt class='gallery-icon landscape'>\n\t\t\t\t<a href='https:\/\/agora.xtec.cat\/esc-musica-parets\/general\/sinicien-les-audicions-per-a-escolars-2025\/attachment\/img-20250116-wa0004\/'><img loading=\"lazy\" decoding=\"async\" width=\"2000\" height=\"900\" src=\"https:\/\/agora.xtec.cat\/esc-musica-parets\/wp-content\/uploads\/usu1283\/2025\/01\/IMG-20250116-WA0004.jpg\" class=\"attachment-full size-full\" alt=\"\" srcset=\"https:\/\/agora.xtec.cat\/esc-musica-parets\/wp-content\/uploads\/usu1283\/2025\/01\/IMG-20250116-WA0004.jpg 2000w, https:\/\/agora.xtec.cat\/esc-musica-parets\/wp-content\/uploads\/usu1283\/2025\/01\/IMG-20250116-WA0004-300x135.jpg 300w, https:\/\/agora.xtec.cat\/esc-musica-parets\/wp-content\/uploads\/usu1283\/2025\/01\/IMG-20250116-WA0004-1024x461.jpg 1024w, https:\/\/agora.xtec.cat\/esc-musica-parets\/wp-content\/uploads\/usu1283\/2025\/01\/IMG-20250116-WA0004-768x346.jpg 768w, https:\/\/agora.xtec.cat\/esc-musica-parets\/wp-content\/uploads\/usu1283\/2025\/01\/IMG-20250116-WA0004-1536x691.jpg 1536w\" sizes=\"auto, (max-width: 2000px) 100vw, 2000px\" \/><\/a>\n\t\t\t<\/dt><\/dl><br style=\"clear: both\" \/>\n\t\t<\/div>\n\n<p dir=\"auto\">\n","protected":false},"excerpt":{"rendered":"<p>A partir del dijous 16 de gener de 2025, i fins el mes d&#8217;abril, s&#8217;inicia el nou cicle d&#8217;&#8221;Audicions per a escolars&#8221; on, a prop de 800 nens i nenes de 6\u00e8, 4t, 2n i I5 de tots els col\u00b7legis de Parets del Vall\u00e8s, passaran&hellip;  <a href=\"https:\/\/agora.xtec.cat\/esc-musica-parets\/general\/sinicien-les-audicions-per-a-escolars-2025\/\" title=\"Read S&#8217;inicien les &#8220;Audicions per a escolars&#8221; 2025\">Llegeix m\u00e9s\u00bb<\/a><\/p>\n","protected":false},"author":1,"featured_media":3325,"comment_status":"open","ping_status":"closed","sticky":false,"template":"","format":"standard","meta":{"_bbp_topic_count":0,"_bbp_reply_count":0,"_bbp_total_topic_count":0,"_bbp_total_reply_count":0,"_bbp_voice_count":0,"_bbp_anonymous_reply_count":0,"_bbp_topic_count_hidden":0,"_bbp_reply_count_hidden":0,"_bbp_forum_subforum_count":0,"footnotes":""},"categories":[1,29],"tags":[100,141,151,150,77,152],"class_list":["post-3322","post","type-post","status-publish","format-standard","has-post-thumbnail","hentry","category-general","category-portada","tag-audicions","tag-audicions-escolars","tag-emm-parets","tag-escola-musica","tag-noticies","tag-professors"],"post_mailing_queue_ids":[],"_links":{"self":[{"href":"https:\/\/agora.xtec.cat\/esc-musica-parets\/wp-json\/wp\/v2\/posts\/3322","targetHints":{"allow":["GET"]}}],"collection":[{"href":"https:\/\/agora.xtec.cat\/esc-musica-parets\/wp-json\/wp\/v2\/posts"}],"about":[{"href":"https:\/\/agora.xtec.cat\/esc-musica-parets\/wp-json\/wp\/v2\/types\/post"}],"author":[{"embeddable":true,"href":"https:\/\/agora.xtec.cat\/esc-musica-parets\/wp-json\/wp\/v2\/users\/1"}],"replies":[{"embeddable":true,"href":"https:\/\/agora.xtec.cat\/esc-musica-parets\/wp-json\/wp\/v2\/comments?post=3322"}],"version-history":[{"count":6,"href":"https:\/\/agora.xtec.cat\/esc-musica-parets\/wp-json\/wp\/v2\/posts\/3322\/revisions"}],"predecessor-version":[{"id":3335,"href":"https:\/\/agora.xtec.cat\/esc-musica-parets\/wp-json\/wp\/v2\/posts\/3322\/revisions\/3335"}],"wp:featuredmedia":[{"embeddable":true,"href":"https:\/\/agora.xtec.cat\/esc-musica-parets\/wp-json\/wp\/v2\/media\/3325"}],"wp:attachment":[{"href":"https:\/\/agora.xtec.cat\/esc-musica-parets\/wp-json\/wp\/v2\/media?parent=3322"}],"wp:term":[{"taxonomy":"category","embeddable":true,"href":"https:\/\/agora.xtec.cat\/esc-musica-parets\/wp-json\/wp\/v2\/categories?post=3322"},{"taxonomy":"post_tag","embeddable":true,"href":"https:\/\/agora.xtec.cat\/esc-musica-parets\/wp-json\/wp\/v2\/tags?post=3322"}],"curies":[{"name":"wp","href":"https:\/\/api.w.org\/{rel}","templated":true}]}}