{"id":3188,"date":"2024-04-22T18:02:50","date_gmt":"2024-04-22T16:02:50","guid":{"rendered":"https:\/\/agora.xtec.cat\/esc-musica-parets\/?p=3188"},"modified":"2024-04-22T18:02:59","modified_gmt":"2024-04-22T16:02:59","slug":"finalitzen-les-audicions-per-a-escolars-2024","status":"publish","type":"post","link":"https:\/\/agora.xtec.cat\/esc-musica-parets\/general\/finalitzen-les-audicions-per-a-escolars-2024\/","title":{"rendered":"Finalitzen les &#8220;Audicions per a escolars&#8221; 2024"},"content":{"rendered":"<p>M\u00e9s de 800 alumnes de les escoles de Parets del Vall\u00e8s, han passat aquest curs per l&#8217;auditori de l&#8217;Escola Municipal de M\u00fasica per seguir en directe les actuacions de professors i professores del centre, dins de la programaci\u00f3 &#8220;Audicions per a escolars&#8221; que es fan cada curs adre\u00e7ades als alumnes d&#8217;Infantil-5 i 2n, 4t i 6\u00e8 de prim\u00e0ria. Aquest projecte, que es porta a terme des de fa m\u00e9s de 30 anys, t\u00e9 l&#8217;objectiu d&#8217;apropar als joves escolars a la m\u00fasica en directe a trav\u00e9s d&#8217;audicions pensades per a ells i en les que es conjuga l&#8217;escolta activa amb la seva interacci\u00f3 amb els m\u00fasics. Enguany les audicions realitzades han estat &#8220;Te&#8217;n recordes dels vinils&#8221; una audici\u00f3 sobre la hist\u00f2ria del rock adre\u00e7ada als alumnes de 4t i 6\u00e8 de prim\u00e0ria i &#8220;Quina animalada&#8221;, un conte amb can\u00e7ons d&#8217;animals adre\u00e7ada als alumnes de 2n de prim\u00e0ria i Infantil-5. Aquestes audicions es porten a terme entre els mesos de gener i abril.<\/p>\n\n\t\t<style type=\"text\/css\">\n\t\t\t#gallery-1 {\n\t\t\t\tmargin: auto;\n\t\t\t}\n\t\t\t#gallery-1 .gallery-item {\n\t\t\t\tfloat: left;\n\t\t\t\tmargin-top: 10px;\n\t\t\t\ttext-align: center;\n\t\t\t\twidth: 33%;\n\t\t\t}\n\t\t\t#gallery-1 img {\n\t\t\t\tborder: 2px solid #cfcfcf;\n\t\t\t}\n\t\t\t#gallery-1 .gallery-caption {\n\t\t\t\tmargin-left: 0;\n\t\t\t}\n\t\t\t\/* see gallery_shortcode() in wp-includes\/media.php *\/\n\t\t<\/style>\n\t\t<div id='gallery-1' class='gallery galleryid-3188 gallery-columns-3 gallery-size-large'><dl class='gallery-item'>\n\t\t\t<dt class='gallery-icon landscape'>\n\t\t\t\t<a href='https:\/\/agora.xtec.cat\/esc-musica-parets\/general\/finalitzen-les-audicions-per-a-escolars-2024\/attachment\/captura-de-pantalla-2024-04-19-a-las-19-08-45\/'><img loading=\"lazy\" decoding=\"async\" width=\"1024\" height=\"674\" src=\"https:\/\/agora.xtec.cat\/esc-musica-parets\/wp-content\/uploads\/usu1283\/2024\/04\/Captura-de-pantalla-2024-04-19-a-las-19.08.45-1024x674.jpg\" class=\"attachment-large size-large\" alt=\"\" srcset=\"https:\/\/agora.xtec.cat\/esc-musica-parets\/wp-content\/uploads\/usu1283\/2024\/04\/Captura-de-pantalla-2024-04-19-a-las-19.08.45-1024x674.jpg 1024w, https:\/\/agora.xtec.cat\/esc-musica-parets\/wp-content\/uploads\/usu1283\/2024\/04\/Captura-de-pantalla-2024-04-19-a-las-19.08.45-300x197.jpg 300w, https:\/\/agora.xtec.cat\/esc-musica-parets\/wp-content\/uploads\/usu1283\/2024\/04\/Captura-de-pantalla-2024-04-19-a-las-19.08.45-768x506.jpg 768w, https:\/\/agora.xtec.cat\/esc-musica-parets\/wp-content\/uploads\/usu1283\/2024\/04\/Captura-de-pantalla-2024-04-19-a-las-19.08.45.jpg 1077w\" sizes=\"auto, (max-width: 1024px) 100vw, 1024px\" \/><\/a>\n\t\t\t<\/dt><\/dl><dl class='gallery-item'>\n\t\t\t<dt class='gallery-icon landscape'>\n\t\t\t\t<a href='https:\/\/agora.xtec.cat\/esc-musica-parets\/general\/finalitzen-les-audicions-per-a-escolars-2024\/attachment\/captura-de-pantalla-2024-04-19-a-las-19-08-00\/'><img loading=\"lazy\" decoding=\"async\" width=\"1024\" height=\"674\" src=\"https:\/\/agora.xtec.cat\/esc-musica-parets\/wp-content\/uploads\/usu1283\/2024\/04\/Captura-de-pantalla-2024-04-19-a-las-19.08.00-1024x674.jpg\" class=\"attachment-large size-large\" alt=\"\" srcset=\"https:\/\/agora.xtec.cat\/esc-musica-parets\/wp-content\/uploads\/usu1283\/2024\/04\/Captura-de-pantalla-2024-04-19-a-las-19.08.00-1024x674.jpg 1024w, https:\/\/agora.xtec.cat\/esc-musica-parets\/wp-content\/uploads\/usu1283\/2024\/04\/Captura-de-pantalla-2024-04-19-a-las-19.08.00-300x197.jpg 300w, https:\/\/agora.xtec.cat\/esc-musica-parets\/wp-content\/uploads\/usu1283\/2024\/04\/Captura-de-pantalla-2024-04-19-a-las-19.08.00-768x506.jpg 768w, https:\/\/agora.xtec.cat\/esc-musica-parets\/wp-content\/uploads\/usu1283\/2024\/04\/Captura-de-pantalla-2024-04-19-a-las-19.08.00.jpg 1077w\" sizes=\"auto, (max-width: 1024px) 100vw, 1024px\" \/><\/a>\n\t\t\t<\/dt><\/dl><dl class='gallery-item'>\n\t\t\t<dt class='gallery-icon landscape'>\n\t\t\t\t<a href='https:\/\/agora.xtec.cat\/esc-musica-parets\/general\/finalitzen-les-audicions-per-a-escolars-2024\/attachment\/captura-de-pantalla-2024-04-19-a-las-19-09-36\/'><img loading=\"lazy\" decoding=\"async\" width=\"1024\" height=\"674\" src=\"https:\/\/agora.xtec.cat\/esc-musica-parets\/wp-content\/uploads\/usu1283\/2024\/04\/Captura-de-pantalla-2024-04-19-a-las-19.09.36-1024x674.jpg\" class=\"attachment-large size-large\" alt=\"\" srcset=\"https:\/\/agora.xtec.cat\/esc-musica-parets\/wp-content\/uploads\/usu1283\/2024\/04\/Captura-de-pantalla-2024-04-19-a-las-19.09.36-1024x674.jpg 1024w, https:\/\/agora.xtec.cat\/esc-musica-parets\/wp-content\/uploads\/usu1283\/2024\/04\/Captura-de-pantalla-2024-04-19-a-las-19.09.36-300x197.jpg 300w, https:\/\/agora.xtec.cat\/esc-musica-parets\/wp-content\/uploads\/usu1283\/2024\/04\/Captura-de-pantalla-2024-04-19-a-las-19.09.36-768x506.jpg 768w, https:\/\/agora.xtec.cat\/esc-musica-parets\/wp-content\/uploads\/usu1283\/2024\/04\/Captura-de-pantalla-2024-04-19-a-las-19.09.36.jpg 1077w\" sizes=\"auto, (max-width: 1024px) 100vw, 1024px\" \/><\/a>\n\t\t\t<\/dt><\/dl><br style=\"clear: both\" \/><dl class='gallery-item'>\n\t\t\t<dt class='gallery-icon landscape'>\n\t\t\t\t<a href='https:\/\/agora.xtec.cat\/esc-musica-parets\/general\/finalitzen-les-audicions-per-a-escolars-2024\/attachment\/captura-de-pantalla-2024-04-19-a-las-19-09-52\/'><img loading=\"lazy\" decoding=\"async\" width=\"1024\" height=\"674\" src=\"https:\/\/agora.xtec.cat\/esc-musica-parets\/wp-content\/uploads\/usu1283\/2024\/04\/Captura-de-pantalla-2024-04-19-a-las-19.09.52-1024x674.jpg\" class=\"attachment-large size-large\" alt=\"\" srcset=\"https:\/\/agora.xtec.cat\/esc-musica-parets\/wp-content\/uploads\/usu1283\/2024\/04\/Captura-de-pantalla-2024-04-19-a-las-19.09.52-1024x674.jpg 1024w, https:\/\/agora.xtec.cat\/esc-musica-parets\/wp-content\/uploads\/usu1283\/2024\/04\/Captura-de-pantalla-2024-04-19-a-las-19.09.52-300x197.jpg 300w, https:\/\/agora.xtec.cat\/esc-musica-parets\/wp-content\/uploads\/usu1283\/2024\/04\/Captura-de-pantalla-2024-04-19-a-las-19.09.52-768x506.jpg 768w, https:\/\/agora.xtec.cat\/esc-musica-parets\/wp-content\/uploads\/usu1283\/2024\/04\/Captura-de-pantalla-2024-04-19-a-las-19.09.52.jpg 1077w\" sizes=\"auto, (max-width: 1024px) 100vw, 1024px\" \/><\/a>\n\t\t\t<\/dt><\/dl><dl class='gallery-item'>\n\t\t\t<dt class='gallery-icon landscape'>\n\t\t\t\t<a href='https:\/\/agora.xtec.cat\/esc-musica-parets\/general\/finalitzen-les-audicions-per-a-escolars-2024\/attachment\/captura-de-pantalla-2024-04-19-a-las-19-10-13\/'><img loading=\"lazy\" decoding=\"async\" width=\"1024\" height=\"674\" src=\"https:\/\/agora.xtec.cat\/esc-musica-parets\/wp-content\/uploads\/usu1283\/2024\/04\/Captura-de-pantalla-2024-04-19-a-las-19.10.13-1024x674.jpg\" class=\"attachment-large size-large\" alt=\"\" srcset=\"https:\/\/agora.xtec.cat\/esc-musica-parets\/wp-content\/uploads\/usu1283\/2024\/04\/Captura-de-pantalla-2024-04-19-a-las-19.10.13-1024x674.jpg 1024w, https:\/\/agora.xtec.cat\/esc-musica-parets\/wp-content\/uploads\/usu1283\/2024\/04\/Captura-de-pantalla-2024-04-19-a-las-19.10.13-300x197.jpg 300w, https:\/\/agora.xtec.cat\/esc-musica-parets\/wp-content\/uploads\/usu1283\/2024\/04\/Captura-de-pantalla-2024-04-19-a-las-19.10.13-768x506.jpg 768w, https:\/\/agora.xtec.cat\/esc-musica-parets\/wp-content\/uploads\/usu1283\/2024\/04\/Captura-de-pantalla-2024-04-19-a-las-19.10.13.jpg 1077w\" sizes=\"auto, (max-width: 1024px) 100vw, 1024px\" \/><\/a>\n\t\t\t<\/dt><\/dl>\n\t\t\t<br style='clear: both' \/>\n\t\t<\/div>\n\n","protected":false},"excerpt":{"rendered":"<p>M\u00e9s de 800 alumnes de les escoles de Parets del Vall\u00e8s, han passat aquest curs per l&#8217;auditori de l&#8217;Escola Municipal de M\u00fasica per seguir en directe les actuacions de professors i professores del centre, dins de la programaci\u00f3 &#8220;Audicions per a escolars&#8221; que es fan&hellip;  <a href=\"https:\/\/agora.xtec.cat\/esc-musica-parets\/general\/finalitzen-les-audicions-per-a-escolars-2024\/\" title=\"Read Finalitzen les &#8220;Audicions per a escolars&#8221; 2024\">Llegeix m\u00e9s\u00bb<\/a><\/p>\n","protected":false},"author":1,"featured_media":3192,"comment_status":"open","ping_status":"closed","sticky":false,"template":"","format":"standard","meta":{"_bbp_topic_count":0,"_bbp_reply_count":0,"_bbp_total_topic_count":0,"_bbp_total_reply_count":0,"_bbp_voice_count":0,"_bbp_anonymous_reply_count":0,"_bbp_topic_count_hidden":0,"_bbp_reply_count_hidden":0,"_bbp_forum_subforum_count":0,"footnotes":""},"categories":[1,29],"tags":[100,141,151,150,77,152],"class_list":["post-3188","post","type-post","status-publish","format-standard","has-post-thumbnail","hentry","category-general","category-portada","tag-audicions","tag-audicions-escolars","tag-emm-parets","tag-escola-musica","tag-noticies","tag-professors"],"post_mailing_queue_ids":[],"_links":{"self":[{"href":"https:\/\/agora.xtec.cat\/esc-musica-parets\/wp-json\/wp\/v2\/posts\/3188","targetHints":{"allow":["GET"]}}],"collection":[{"href":"https:\/\/agora.xtec.cat\/esc-musica-parets\/wp-json\/wp\/v2\/posts"}],"about":[{"href":"https:\/\/agora.xtec.cat\/esc-musica-parets\/wp-json\/wp\/v2\/types\/post"}],"author":[{"embeddable":true,"href":"https:\/\/agora.xtec.cat\/esc-musica-parets\/wp-json\/wp\/v2\/users\/1"}],"replies":[{"embeddable":true,"href":"https:\/\/agora.xtec.cat\/esc-musica-parets\/wp-json\/wp\/v2\/comments?post=3188"}],"version-history":[{"count":2,"href":"https:\/\/agora.xtec.cat\/esc-musica-parets\/wp-json\/wp\/v2\/posts\/3188\/revisions"}],"predecessor-version":[{"id":3195,"href":"https:\/\/agora.xtec.cat\/esc-musica-parets\/wp-json\/wp\/v2\/posts\/3188\/revisions\/3195"}],"wp:featuredmedia":[{"embeddable":true,"href":"https:\/\/agora.xtec.cat\/esc-musica-parets\/wp-json\/wp\/v2\/media\/3192"}],"wp:attachment":[{"href":"https:\/\/agora.xtec.cat\/esc-musica-parets\/wp-json\/wp\/v2\/media?parent=3188"}],"wp:term":[{"taxonomy":"category","embeddable":true,"href":"https:\/\/agora.xtec.cat\/esc-musica-parets\/wp-json\/wp\/v2\/categories?post=3188"},{"taxonomy":"post_tag","embeddable":true,"href":"https:\/\/agora.xtec.cat\/esc-musica-parets\/wp-json\/wp\/v2\/tags?post=3188"}],"curies":[{"name":"wp","href":"https:\/\/api.w.org\/{rel}","templated":true}]}}