{"id":3183,"date":"2024-04-16T18:54:54","date_gmt":"2024-04-16T16:54:54","guid":{"rendered":"https:\/\/agora.xtec.cat\/esc-musica-parets\/?p=3183"},"modified":"2024-04-16T18:55:15","modified_gmt":"2024-04-16T16:55:15","slug":"93e-aniversari-de-la-ii-republica","status":"publish","type":"post","link":"https:\/\/agora.xtec.cat\/esc-musica-parets\/general\/93e-aniversari-de-la-ii-republica\/","title":{"rendered":"93\u00e8 Aniversari de la II Rep\u00fablica"},"content":{"rendered":"<p>Dilluns 15 d&#8217;abril es va commemorar el 93\u00e8 aniversari de la Segona Rep\u00fablica, amb lectura de manifest institucional, poemes a c\u00e0rrec del Niu d&#8217;Art, parlament de l&#8217;Associaci\u00f3 Taula de la Mem\u00f2ria Hist\u00f2rica de Parets, parlament institucional i actuaci\u00f3 musical de Jordi Azagra, pianista i director de l&#8217;Escola Municipal de M\u00fasica de Parets, i Ernesto Brice\u00f1o, violinista i director del CEM Maria Grever, qui van interpretar peces relacionades amb l&#8217;\u00e8poca.<\/p>\n\n\t\t<style type=\"text\/css\">\n\t\t\t#gallery-1 {\n\t\t\t\tmargin: auto;\n\t\t\t}\n\t\t\t#gallery-1 .gallery-item {\n\t\t\t\tfloat: left;\n\t\t\t\tmargin-top: 10px;\n\t\t\t\ttext-align: center;\n\t\t\t\twidth: 33%;\n\t\t\t}\n\t\t\t#gallery-1 img {\n\t\t\t\tborder: 2px solid #cfcfcf;\n\t\t\t}\n\t\t\t#gallery-1 .gallery-caption {\n\t\t\t\tmargin-left: 0;\n\t\t\t}\n\t\t\t\/* see gallery_shortcode() in wp-includes\/media.php *\/\n\t\t<\/style>\n\t\t<div id='gallery-1' class='gallery galleryid-3183 gallery-columns-3 gallery-size-full'><dl class='gallery-item'>\n\t\t\t<dt class='gallery-icon landscape'>\n\t\t\t\t<a href='https:\/\/agora.xtec.cat\/esc-musica-parets\/general\/93e-aniversari-de-la-ii-republica\/attachment\/240415-acte-2a-republica-web-8_53657697654_o\/'><img loading=\"lazy\" decoding=\"async\" width=\"1200\" height=\"800\" src=\"https:\/\/agora.xtec.cat\/esc-musica-parets\/wp-content\/uploads\/usu1283\/2024\/04\/240415-acte-2a-republica-web-8_53657697654_o.jpg\" class=\"attachment-full size-full\" alt=\"\" srcset=\"https:\/\/agora.xtec.cat\/esc-musica-parets\/wp-content\/uploads\/usu1283\/2024\/04\/240415-acte-2a-republica-web-8_53657697654_o.jpg 1200w, https:\/\/agora.xtec.cat\/esc-musica-parets\/wp-content\/uploads\/usu1283\/2024\/04\/240415-acte-2a-republica-web-8_53657697654_o-300x200.jpg 300w, https:\/\/agora.xtec.cat\/esc-musica-parets\/wp-content\/uploads\/usu1283\/2024\/04\/240415-acte-2a-republica-web-8_53657697654_o-1024x683.jpg 1024w, https:\/\/agora.xtec.cat\/esc-musica-parets\/wp-content\/uploads\/usu1283\/2024\/04\/240415-acte-2a-republica-web-8_53657697654_o-768x512.jpg 768w\" sizes=\"auto, (max-width: 1200px) 100vw, 1200px\" \/><\/a>\n\t\t\t<\/dt><\/dl><dl class='gallery-item'>\n\t\t\t<dt class='gallery-icon landscape'>\n\t\t\t\t<a href='https:\/\/agora.xtec.cat\/esc-musica-parets\/general\/93e-aniversari-de-la-ii-republica\/attachment\/240415-acte-2a-republica-web-49_53657809575_o\/'><img loading=\"lazy\" decoding=\"async\" width=\"1200\" height=\"800\" src=\"https:\/\/agora.xtec.cat\/esc-musica-parets\/wp-content\/uploads\/usu1283\/2024\/04\/240415-acte-2a-republica-web-49_53657809575_o.jpg\" class=\"attachment-full size-full\" alt=\"\" srcset=\"https:\/\/agora.xtec.cat\/esc-musica-parets\/wp-content\/uploads\/usu1283\/2024\/04\/240415-acte-2a-republica-web-49_53657809575_o.jpg 1200w, https:\/\/agora.xtec.cat\/esc-musica-parets\/wp-content\/uploads\/usu1283\/2024\/04\/240415-acte-2a-republica-web-49_53657809575_o-300x200.jpg 300w, https:\/\/agora.xtec.cat\/esc-musica-parets\/wp-content\/uploads\/usu1283\/2024\/04\/240415-acte-2a-republica-web-49_53657809575_o-1024x683.jpg 1024w, https:\/\/agora.xtec.cat\/esc-musica-parets\/wp-content\/uploads\/usu1283\/2024\/04\/240415-acte-2a-republica-web-49_53657809575_o-768x512.jpg 768w\" sizes=\"auto, (max-width: 1200px) 100vw, 1200px\" \/><\/a>\n\t\t\t<\/dt><\/dl><dl class='gallery-item'>\n\t\t\t<dt class='gallery-icon landscape'>\n\t\t\t\t<a href='https:\/\/agora.xtec.cat\/esc-musica-parets\/general\/93e-aniversari-de-la-ii-republica\/attachment\/240415-acte-2a-republica-web-52_53657344141_o\/'><img loading=\"lazy\" decoding=\"async\" width=\"1200\" height=\"790\" src=\"https:\/\/agora.xtec.cat\/esc-musica-parets\/wp-content\/uploads\/usu1283\/2024\/04\/240415-acte-2a-republica-web-52_53657344141_o.jpg\" class=\"attachment-full size-full\" alt=\"\" srcset=\"https:\/\/agora.xtec.cat\/esc-musica-parets\/wp-content\/uploads\/usu1283\/2024\/04\/240415-acte-2a-republica-web-52_53657344141_o.jpg 1200w, https:\/\/agora.xtec.cat\/esc-musica-parets\/wp-content\/uploads\/usu1283\/2024\/04\/240415-acte-2a-republica-web-52_53657344141_o-300x198.jpg 300w, https:\/\/agora.xtec.cat\/esc-musica-parets\/wp-content\/uploads\/usu1283\/2024\/04\/240415-acte-2a-republica-web-52_53657344141_o-1024x674.jpg 1024w, https:\/\/agora.xtec.cat\/esc-musica-parets\/wp-content\/uploads\/usu1283\/2024\/04\/240415-acte-2a-republica-web-52_53657344141_o-768x506.jpg 768w\" sizes=\"auto, (max-width: 1200px) 100vw, 1200px\" \/><\/a>\n\t\t\t<\/dt><\/dl><br style=\"clear: both\" \/>\n\t\t<\/div>\n\n","protected":false},"excerpt":{"rendered":"<p>Dilluns 15 d&#8217;abril es va commemorar el 93\u00e8 aniversari de la Segona Rep\u00fablica, amb lectura de manifest institucional, poemes a c\u00e0rrec del Niu d&#8217;Art, parlament de l&#8217;Associaci\u00f3 Taula de la Mem\u00f2ria Hist\u00f2rica de Parets, parlament institucional i actuaci\u00f3 musical de Jordi Azagra, pianista i director&hellip;  <a href=\"https:\/\/agora.xtec.cat\/esc-musica-parets\/general\/93e-aniversari-de-la-ii-republica\/\" title=\"Read 93\u00e8 Aniversari de la II Rep\u00fablica\">Llegeix m\u00e9s\u00bb<\/a><\/p>\n","protected":false},"author":1,"featured_media":3184,"comment_status":"open","ping_status":"closed","sticky":false,"template":"","format":"standard","meta":{"_bbp_topic_count":0,"_bbp_reply_count":0,"_bbp_total_topic_count":0,"_bbp_total_reply_count":0,"_bbp_voice_count":0,"_bbp_anonymous_reply_count":0,"_bbp_topic_count_hidden":0,"_bbp_reply_count_hidden":0,"_bbp_forum_subforum_count":0,"footnotes":""},"categories":[1,29],"tags":[],"class_list":["post-3183","post","type-post","status-publish","format-standard","has-post-thumbnail","hentry","category-general","category-portada"],"post_mailing_queue_ids":[],"_links":{"self":[{"href":"https:\/\/agora.xtec.cat\/esc-musica-parets\/wp-json\/wp\/v2\/posts\/3183","targetHints":{"allow":["GET"]}}],"collection":[{"href":"https:\/\/agora.xtec.cat\/esc-musica-parets\/wp-json\/wp\/v2\/posts"}],"about":[{"href":"https:\/\/agora.xtec.cat\/esc-musica-parets\/wp-json\/wp\/v2\/types\/post"}],"author":[{"embeddable":true,"href":"https:\/\/agora.xtec.cat\/esc-musica-parets\/wp-json\/wp\/v2\/users\/1"}],"replies":[{"embeddable":true,"href":"https:\/\/agora.xtec.cat\/esc-musica-parets\/wp-json\/wp\/v2\/comments?post=3183"}],"version-history":[{"count":1,"href":"https:\/\/agora.xtec.cat\/esc-musica-parets\/wp-json\/wp\/v2\/posts\/3183\/revisions"}],"predecessor-version":[{"id":3187,"href":"https:\/\/agora.xtec.cat\/esc-musica-parets\/wp-json\/wp\/v2\/posts\/3183\/revisions\/3187"}],"wp:featuredmedia":[{"embeddable":true,"href":"https:\/\/agora.xtec.cat\/esc-musica-parets\/wp-json\/wp\/v2\/media\/3184"}],"wp:attachment":[{"href":"https:\/\/agora.xtec.cat\/esc-musica-parets\/wp-json\/wp\/v2\/media?parent=3183"}],"wp:term":[{"taxonomy":"category","embeddable":true,"href":"https:\/\/agora.xtec.cat\/esc-musica-parets\/wp-json\/wp\/v2\/categories?post=3183"},{"taxonomy":"post_tag","embeddable":true,"href":"https:\/\/agora.xtec.cat\/esc-musica-parets\/wp-json\/wp\/v2\/tags?post=3183"}],"curies":[{"name":"wp","href":"https:\/\/api.w.org\/{rel}","templated":true}]}}