{"id":3136,"date":"2024-01-23T18:56:10","date_gmt":"2024-01-23T17:56:10","guid":{"rendered":"https:\/\/agora.xtec.cat\/esc-musica-parets\/?p=3136"},"modified":"2024-01-23T18:56:45","modified_gmt":"2024-01-23T17:56:45","slug":"canta-parets-2024","status":"publish","type":"post","link":"https:\/\/agora.xtec.cat\/esc-musica-parets\/general\/canta-parets-2024\/","title":{"rendered":"CANTA Parets! 2024"},"content":{"rendered":"<p>Divendres 19 de gener de 2024, va tenir lloc al pavell\u00f3 municipal d&#8217;esports de Parets del Vall\u00e8s, una nova edici\u00f3 del projecte CANTA Parets!, una activitat de poble organitzada i coordinada per l&#8217;Escola Municipal de M\u00fasica i que engloba a totes les escoles de prim\u00e0ria del municipi en la seva etapa d&#8217;Infantil-5. Aquest any, i donat que el projecte compleix el seu 10\u00e9 aniversari, els petits cantaires, acompanyats en directe per professors\/es i alumnes de l&#8217;escola de m\u00fasica, van interpretar la cantata &#8220;El sabater i els follets&#8221;, una cantata composta per a l&#8217;ocasi\u00f3 per Jordi Azagra, director de l&#8217;escola de m\u00fasica, i basada en un conte dels germans Grimm.<\/p>\n<p>Podeu veure el recull de fotos clicant <a href=\"https:\/\/www.flickr.com\/photos\/paretsconnecta\/albums\/72177720314199056\">AQUI<\/a> i el resum de TVParets <a href=\"https:\/\/tvparets.cat\/a-la-carta\/canta-parets-2024\/\">AQUI<\/a><\/p>\n<p style=\"text-align: center;\"><a href=\"https:\/\/agora.xtec.cat\/esc-musica-parets\/wp-content\/uploads\/usu1283\/2024\/01\/240119-cantaparets-62_53475620399_o.jpg\"><img loading=\"lazy\" decoding=\"async\" class=\"alignnone size-large wp-image-3137\" src=\"https:\/\/agora.xtec.cat\/esc-musica-parets\/wp-content\/uploads\/usu1283\/2024\/01\/240119-cantaparets-62_53475620399_o-1024x672.jpg\" alt=\"\" width=\"1024\" height=\"672\" srcset=\"https:\/\/agora.xtec.cat\/esc-musica-parets\/wp-content\/uploads\/usu1283\/2024\/01\/240119-cantaparets-62_53475620399_o-1024x672.jpg 1024w, https:\/\/agora.xtec.cat\/esc-musica-parets\/wp-content\/uploads\/usu1283\/2024\/01\/240119-cantaparets-62_53475620399_o-300x197.jpg 300w, https:\/\/agora.xtec.cat\/esc-musica-parets\/wp-content\/uploads\/usu1283\/2024\/01\/240119-cantaparets-62_53475620399_o-768x504.jpg 768w, https:\/\/agora.xtec.cat\/esc-musica-parets\/wp-content\/uploads\/usu1283\/2024\/01\/240119-cantaparets-62_53475620399_o.jpg 1200w\" sizes=\"auto, (max-width: 1024px) 100vw, 1024px\" \/><\/a><\/p>\n","protected":false},"excerpt":{"rendered":"<p>Divendres 19 de gener de 2024, va tenir lloc al pavell\u00f3 municipal d&#8217;esports de Parets del Vall\u00e8s, una nova edici\u00f3 del projecte CANTA Parets!, una activitat de poble organitzada i coordinada per l&#8217;Escola Municipal de M\u00fasica i que engloba a totes les escoles de prim\u00e0ria&hellip;  <a href=\"https:\/\/agora.xtec.cat\/esc-musica-parets\/general\/canta-parets-2024\/\" title=\"Read CANTA Parets! 2024\">Llegeix m\u00e9s\u00bb<\/a><\/p>\n","protected":false},"author":1,"featured_media":3138,"comment_status":"open","ping_status":"closed","sticky":false,"template":"","format":"standard","meta":{"_bbp_topic_count":0,"_bbp_reply_count":0,"_bbp_total_topic_count":0,"_bbp_total_reply_count":0,"_bbp_voice_count":0,"_bbp_anonymous_reply_count":0,"_bbp_topic_count_hidden":0,"_bbp_reply_count_hidden":0,"_bbp_forum_subforum_count":0,"footnotes":""},"categories":[1,29],"tags":[131,151,150,77],"class_list":["post-3136","post","type-post","status-publish","format-standard","has-post-thumbnail","hentry","category-general","category-portada","tag-canta-parets","tag-emm-parets","tag-escola-musica","tag-noticies"],"post_mailing_queue_ids":[],"_links":{"self":[{"href":"https:\/\/agora.xtec.cat\/esc-musica-parets\/wp-json\/wp\/v2\/posts\/3136","targetHints":{"allow":["GET"]}}],"collection":[{"href":"https:\/\/agora.xtec.cat\/esc-musica-parets\/wp-json\/wp\/v2\/posts"}],"about":[{"href":"https:\/\/agora.xtec.cat\/esc-musica-parets\/wp-json\/wp\/v2\/types\/post"}],"author":[{"embeddable":true,"href":"https:\/\/agora.xtec.cat\/esc-musica-parets\/wp-json\/wp\/v2\/users\/1"}],"replies":[{"embeddable":true,"href":"https:\/\/agora.xtec.cat\/esc-musica-parets\/wp-json\/wp\/v2\/comments?post=3136"}],"version-history":[{"count":2,"href":"https:\/\/agora.xtec.cat\/esc-musica-parets\/wp-json\/wp\/v2\/posts\/3136\/revisions"}],"predecessor-version":[{"id":3140,"href":"https:\/\/agora.xtec.cat\/esc-musica-parets\/wp-json\/wp\/v2\/posts\/3136\/revisions\/3140"}],"wp:featuredmedia":[{"embeddable":true,"href":"https:\/\/agora.xtec.cat\/esc-musica-parets\/wp-json\/wp\/v2\/media\/3138"}],"wp:attachment":[{"href":"https:\/\/agora.xtec.cat\/esc-musica-parets\/wp-json\/wp\/v2\/media?parent=3136"}],"wp:term":[{"taxonomy":"category","embeddable":true,"href":"https:\/\/agora.xtec.cat\/esc-musica-parets\/wp-json\/wp\/v2\/categories?post=3136"},{"taxonomy":"post_tag","embeddable":true,"href":"https:\/\/agora.xtec.cat\/esc-musica-parets\/wp-json\/wp\/v2\/tags?post=3136"}],"curies":[{"name":"wp","href":"https:\/\/api.w.org\/{rel}","templated":true}]}}