{"id":3111,"date":"2024-01-17T20:46:56","date_gmt":"2024-01-17T19:46:56","guid":{"rendered":"https:\/\/agora.xtec.cat\/esc-musica-parets\/?p=3111"},"modified":"2024-01-17T20:51:27","modified_gmt":"2024-01-17T19:51:27","slug":"concert-de-nadal-al-teatre-can-rajoler-4","status":"publish","type":"post","link":"https:\/\/agora.xtec.cat\/esc-musica-parets\/general\/concert-de-nadal-al-teatre-can-rajoler-4\/","title":{"rendered":"Concert de Nadal al teatre Can Rajoler"},"content":{"rendered":"<p>Dijous 15 de desembre va tenir lloc al teatre Can Rajoler el tradicional Concert de Nadal a c\u00e0rrec de les formacions instrumentals i vocals de l&#8217;Escola Municipal de M\u00fasica. Aix\u00ed es van poder sentir un conjunt de flautes travesseres, l&#8217;Orquestra de guitarres, el Conjunt de cambra, un combo modern, aix\u00ed com les corals infantil, junior i d&#8217;adults que van tancar el concert amb una pe\u00e7a de John Rutter acompanyats per professors i professores de l&#8217;escola, aix\u00ed com un grup d&#8217;alumnes de B\u00e0sic 3. El resultat del concert va ser fant\u00e0stic i el p\u00fablic assistent va poder gaudir de totes les actuacions.<\/p>\n<p>Podeu veure el recull de fotos clicant <a href=\"https:\/\/www.flickr.com\/photos\/paretsconnecta\/albums\/72177720313402628\/\">AQUI<\/a><\/p>\n\n\t\t<style type=\"text\/css\">\n\t\t\t#gallery-1 {\n\t\t\t\tmargin: auto;\n\t\t\t}\n\t\t\t#gallery-1 .gallery-item {\n\t\t\t\tfloat: left;\n\t\t\t\tmargin-top: 10px;\n\t\t\t\ttext-align: center;\n\t\t\t\twidth: 33%;\n\t\t\t}\n\t\t\t#gallery-1 img {\n\t\t\t\tborder: 2px solid #cfcfcf;\n\t\t\t}\n\t\t\t#gallery-1 .gallery-caption {\n\t\t\t\tmargin-left: 0;\n\t\t\t}\n\t\t\t\/* see gallery_shortcode() in wp-includes\/media.php *\/\n\t\t<\/style>\n\t\t<div id='gallery-1' class='gallery galleryid-3111 gallery-columns-3 gallery-size-full'><dl class='gallery-item'>\n\t\t\t<dt class='gallery-icon landscape'>\n\t\t\t\t<a href='https:\/\/agora.xtec.cat\/esc-musica-parets\/general\/concert-de-nadal-al-teatre-can-rajoler-4\/attachment\/231214-concert-de-nadal-emm-87_53398955361_o\/'><img loading=\"lazy\" decoding=\"async\" width=\"1200\" height=\"840\" src=\"https:\/\/agora.xtec.cat\/esc-musica-parets\/wp-content\/uploads\/usu1283\/2024\/01\/231214-concert-de-nadal-emm-87_53398955361_o.jpg\" class=\"attachment-full size-full\" alt=\"\" srcset=\"https:\/\/agora.xtec.cat\/esc-musica-parets\/wp-content\/uploads\/usu1283\/2024\/01\/231214-concert-de-nadal-emm-87_53398955361_o.jpg 1200w, https:\/\/agora.xtec.cat\/esc-musica-parets\/wp-content\/uploads\/usu1283\/2024\/01\/231214-concert-de-nadal-emm-87_53398955361_o-300x210.jpg 300w, https:\/\/agora.xtec.cat\/esc-musica-parets\/wp-content\/uploads\/usu1283\/2024\/01\/231214-concert-de-nadal-emm-87_53398955361_o-1024x717.jpg 1024w, https:\/\/agora.xtec.cat\/esc-musica-parets\/wp-content\/uploads\/usu1283\/2024\/01\/231214-concert-de-nadal-emm-87_53398955361_o-768x538.jpg 768w\" sizes=\"auto, (max-width: 1200px) 100vw, 1200px\" \/><\/a>\n\t\t\t<\/dt><\/dl><dl class='gallery-item'>\n\t\t\t<dt class='gallery-icon landscape'>\n\t\t\t\t<a href='https:\/\/agora.xtec.cat\/esc-musica-parets\/general\/concert-de-nadal-al-teatre-can-rajoler-4\/attachment\/231214-concert-de-nadal-emm-38_53399276794_o\/'><img loading=\"lazy\" decoding=\"async\" width=\"1200\" height=\"799\" src=\"https:\/\/agora.xtec.cat\/esc-musica-parets\/wp-content\/uploads\/usu1283\/2024\/01\/231214-concert-de-nadal-emm-38_53399276794_o.jpg\" class=\"attachment-full size-full\" alt=\"\" srcset=\"https:\/\/agora.xtec.cat\/esc-musica-parets\/wp-content\/uploads\/usu1283\/2024\/01\/231214-concert-de-nadal-emm-38_53399276794_o.jpg 1200w, https:\/\/agora.xtec.cat\/esc-musica-parets\/wp-content\/uploads\/usu1283\/2024\/01\/231214-concert-de-nadal-emm-38_53399276794_o-300x200.jpg 300w, https:\/\/agora.xtec.cat\/esc-musica-parets\/wp-content\/uploads\/usu1283\/2024\/01\/231214-concert-de-nadal-emm-38_53399276794_o-1024x682.jpg 1024w, https:\/\/agora.xtec.cat\/esc-musica-parets\/wp-content\/uploads\/usu1283\/2024\/01\/231214-concert-de-nadal-emm-38_53399276794_o-768x511.jpg 768w\" sizes=\"auto, (max-width: 1200px) 100vw, 1200px\" \/><\/a>\n\t\t\t<\/dt><\/dl><dl class='gallery-item'>\n\t\t\t<dt class='gallery-icon landscape'>\n\t\t\t\t<a href='https:\/\/agora.xtec.cat\/esc-musica-parets\/general\/concert-de-nadal-al-teatre-can-rajoler-4\/attachment\/231214-concert-de-nadal-emm-74_53399276964_o\/'><img loading=\"lazy\" decoding=\"async\" width=\"1200\" height=\"801\" src=\"https:\/\/agora.xtec.cat\/esc-musica-parets\/wp-content\/uploads\/usu1283\/2024\/01\/231214-concert-de-nadal-emm-74_53399276964_o.jpg\" class=\"attachment-full size-full\" alt=\"\" srcset=\"https:\/\/agora.xtec.cat\/esc-musica-parets\/wp-content\/uploads\/usu1283\/2024\/01\/231214-concert-de-nadal-emm-74_53399276964_o.jpg 1200w, https:\/\/agora.xtec.cat\/esc-musica-parets\/wp-content\/uploads\/usu1283\/2024\/01\/231214-concert-de-nadal-emm-74_53399276964_o-300x200.jpg 300w, https:\/\/agora.xtec.cat\/esc-musica-parets\/wp-content\/uploads\/usu1283\/2024\/01\/231214-concert-de-nadal-emm-74_53399276964_o-1024x684.jpg 1024w, https:\/\/agora.xtec.cat\/esc-musica-parets\/wp-content\/uploads\/usu1283\/2024\/01\/231214-concert-de-nadal-emm-74_53399276964_o-768x513.jpg 768w\" sizes=\"auto, (max-width: 1200px) 100vw, 1200px\" \/><\/a>\n\t\t\t<\/dt><\/dl><br style=\"clear: both\" \/><dl class='gallery-item'>\n\t\t\t<dt class='gallery-icon landscape'>\n\t\t\t\t<a href='https:\/\/agora.xtec.cat\/esc-musica-parets\/general\/concert-de-nadal-al-teatre-can-rajoler-4\/attachment\/231214-concert-de-nadal-emm-63_53399390120_o\/'><img loading=\"lazy\" decoding=\"async\" width=\"1200\" height=\"776\" src=\"https:\/\/agora.xtec.cat\/esc-musica-parets\/wp-content\/uploads\/usu1283\/2024\/01\/231214-concert-de-nadal-emm-63_53399390120_o.jpg\" class=\"attachment-full size-full\" alt=\"\" srcset=\"https:\/\/agora.xtec.cat\/esc-musica-parets\/wp-content\/uploads\/usu1283\/2024\/01\/231214-concert-de-nadal-emm-63_53399390120_o.jpg 1200w, https:\/\/agora.xtec.cat\/esc-musica-parets\/wp-content\/uploads\/usu1283\/2024\/01\/231214-concert-de-nadal-emm-63_53399390120_o-300x194.jpg 300w, https:\/\/agora.xtec.cat\/esc-musica-parets\/wp-content\/uploads\/usu1283\/2024\/01\/231214-concert-de-nadal-emm-63_53399390120_o-1024x662.jpg 1024w, https:\/\/agora.xtec.cat\/esc-musica-parets\/wp-content\/uploads\/usu1283\/2024\/01\/231214-concert-de-nadal-emm-63_53399390120_o-768x497.jpg 768w\" sizes=\"auto, (max-width: 1200px) 100vw, 1200px\" \/><\/a>\n\t\t\t<\/dt><\/dl><dl class='gallery-item'>\n\t\t\t<dt class='gallery-icon landscape'>\n\t\t\t\t<a href='https:\/\/agora.xtec.cat\/esc-musica-parets\/general\/concert-de-nadal-al-teatre-can-rajoler-4\/attachment\/231214-concert-de-nadal-emm-26_53399276769_o\/'><img loading=\"lazy\" decoding=\"async\" width=\"1200\" height=\"800\" src=\"https:\/\/agora.xtec.cat\/esc-musica-parets\/wp-content\/uploads\/usu1283\/2024\/01\/231214-concert-de-nadal-emm-26_53399276769_o.jpg\" class=\"attachment-full size-full\" alt=\"\" srcset=\"https:\/\/agora.xtec.cat\/esc-musica-parets\/wp-content\/uploads\/usu1283\/2024\/01\/231214-concert-de-nadal-emm-26_53399276769_o.jpg 1200w, https:\/\/agora.xtec.cat\/esc-musica-parets\/wp-content\/uploads\/usu1283\/2024\/01\/231214-concert-de-nadal-emm-26_53399276769_o-300x200.jpg 300w, https:\/\/agora.xtec.cat\/esc-musica-parets\/wp-content\/uploads\/usu1283\/2024\/01\/231214-concert-de-nadal-emm-26_53399276769_o-1024x683.jpg 1024w, https:\/\/agora.xtec.cat\/esc-musica-parets\/wp-content\/uploads\/usu1283\/2024\/01\/231214-concert-de-nadal-emm-26_53399276769_o-768x512.jpg 768w\" sizes=\"auto, (max-width: 1200px) 100vw, 1200px\" \/><\/a>\n\t\t\t<\/dt><\/dl><dl class='gallery-item'>\n\t\t\t<dt class='gallery-icon landscape'>\n\t\t\t\t<a href='https:\/\/agora.xtec.cat\/esc-musica-parets\/general\/concert-de-nadal-al-teatre-can-rajoler-4\/attachment\/231214-concert-de-nadal-emm-7_53399276654_o-2\/'><img loading=\"lazy\" decoding=\"async\" width=\"1200\" height=\"821\" src=\"https:\/\/agora.xtec.cat\/esc-musica-parets\/wp-content\/uploads\/usu1283\/2024\/01\/231214-concert-de-nadal-emm-7_53399276654_o-1.jpg\" class=\"attachment-full size-full\" alt=\"\" srcset=\"https:\/\/agora.xtec.cat\/esc-musica-parets\/wp-content\/uploads\/usu1283\/2024\/01\/231214-concert-de-nadal-emm-7_53399276654_o-1.jpg 1200w, https:\/\/agora.xtec.cat\/esc-musica-parets\/wp-content\/uploads\/usu1283\/2024\/01\/231214-concert-de-nadal-emm-7_53399276654_o-1-300x205.jpg 300w, https:\/\/agora.xtec.cat\/esc-musica-parets\/wp-content\/uploads\/usu1283\/2024\/01\/231214-concert-de-nadal-emm-7_53399276654_o-1-1024x701.jpg 1024w, https:\/\/agora.xtec.cat\/esc-musica-parets\/wp-content\/uploads\/usu1283\/2024\/01\/231214-concert-de-nadal-emm-7_53399276654_o-1-768x525.jpg 768w\" sizes=\"auto, (max-width: 1200px) 100vw, 1200px\" \/><\/a>\n\t\t\t<\/dt><\/dl><br style=\"clear: both\" \/>\n\t\t<\/div>\n\n","protected":false},"excerpt":{"rendered":"<p>Dijous 15 de desembre va tenir lloc al teatre Can Rajoler el tradicional Concert de Nadal a c\u00e0rrec de les formacions instrumentals i vocals de l&#8217;Escola Municipal de M\u00fasica. Aix\u00ed es van poder sentir un conjunt de flautes travesseres, l&#8217;Orquestra de guitarres, el Conjunt de&hellip;  <a href=\"https:\/\/agora.xtec.cat\/esc-musica-parets\/general\/concert-de-nadal-al-teatre-can-rajoler-4\/\" title=\"Read Concert de Nadal al teatre Can Rajoler\">Llegeix m\u00e9s\u00bb<\/a><\/p>\n","protected":false},"author":1,"featured_media":3121,"comment_status":"open","ping_status":"closed","sticky":false,"template":"","format":"standard","meta":{"_bbp_topic_count":0,"_bbp_reply_count":0,"_bbp_total_topic_count":0,"_bbp_total_reply_count":0,"_bbp_voice_count":0,"_bbp_anonymous_reply_count":0,"_bbp_topic_count_hidden":0,"_bbp_reply_count_hidden":0,"_bbp_forum_subforum_count":0,"footnotes":""},"categories":[1,29],"tags":[151,150,149,133,77,152],"class_list":["post-3111","post","type-post","status-publish","format-standard","has-post-thumbnail","hentry","category-general","category-portada","tag-emm-parets","tag-escola-musica","tag-musica","tag-nadal","tag-noticies","tag-professors"],"post_mailing_queue_ids":[],"_links":{"self":[{"href":"https:\/\/agora.xtec.cat\/esc-musica-parets\/wp-json\/wp\/v2\/posts\/3111","targetHints":{"allow":["GET"]}}],"collection":[{"href":"https:\/\/agora.xtec.cat\/esc-musica-parets\/wp-json\/wp\/v2\/posts"}],"about":[{"href":"https:\/\/agora.xtec.cat\/esc-musica-parets\/wp-json\/wp\/v2\/types\/post"}],"author":[{"embeddable":true,"href":"https:\/\/agora.xtec.cat\/esc-musica-parets\/wp-json\/wp\/v2\/users\/1"}],"replies":[{"embeddable":true,"href":"https:\/\/agora.xtec.cat\/esc-musica-parets\/wp-json\/wp\/v2\/comments?post=3111"}],"version-history":[{"count":2,"href":"https:\/\/agora.xtec.cat\/esc-musica-parets\/wp-json\/wp\/v2\/posts\/3111\/revisions"}],"predecessor-version":[{"id":3122,"href":"https:\/\/agora.xtec.cat\/esc-musica-parets\/wp-json\/wp\/v2\/posts\/3111\/revisions\/3122"}],"wp:featuredmedia":[{"embeddable":true,"href":"https:\/\/agora.xtec.cat\/esc-musica-parets\/wp-json\/wp\/v2\/media\/3121"}],"wp:attachment":[{"href":"https:\/\/agora.xtec.cat\/esc-musica-parets\/wp-json\/wp\/v2\/media?parent=3111"}],"wp:term":[{"taxonomy":"category","embeddable":true,"href":"https:\/\/agora.xtec.cat\/esc-musica-parets\/wp-json\/wp\/v2\/categories?post=3111"},{"taxonomy":"post_tag","embeddable":true,"href":"https:\/\/agora.xtec.cat\/esc-musica-parets\/wp-json\/wp\/v2\/tags?post=3111"}],"curies":[{"name":"wp","href":"https:\/\/api.w.org\/{rel}","templated":true}]}}