{"id":3069,"date":"2023-11-03T19:25:53","date_gmt":"2023-11-03T18:25:53","guid":{"rendered":"https:\/\/agora.xtec.cat\/esc-musica-parets\/?p=3069"},"modified":"2023-11-03T19:25:53","modified_gmt":"2023-11-03T18:25:53","slug":"concert-de-musica-a-la-diada-de-tots-sants","status":"publish","type":"post","link":"https:\/\/agora.xtec.cat\/esc-musica-parets\/general\/concert-de-musica-a-la-diada-de-tots-sants\/","title":{"rendered":"Concert de m\u00fasica a la Diada de Tots Sants"},"content":{"rendered":"<p>La programaci\u00f3 de l\u20191 de novembre va consistir en una preg\u00e0ria pels difunts a c\u00e0rrec del moss\u00e8n Oriol Gil, la benvinguda a l\u2019acte i l\u2019obertura de la placa amb el poema d\u2019enguany que ha estat Pont Narc\u00eds (fragment) de Jaume Vidal i Alcover (Manacor, 1923 &#8211; Barcelona, 1991), amb motiu del Centenari del naixement de l\u2019escriptor i poeta.<\/p>\n<p>L\u2019acte va clausurar amb un recital po\u00e8tic per part de l\u2019entitat Niu d\u2019Art Parets amb poemes recitats pels components de l\u2019associaci\u00f3 i un concert a c\u00e0rrec del Duet Vivace amb Jordi Azagra (piano), director de l\u2019Escola municipal de M\u00fasica de Parets i N\u00faria Monzonis (flauta travessera), professora del mateix centre. Tots dos van oferir un concert estructurat en tres parts: m\u00fasica cl\u00e0ssica, m\u00fasica popular i m\u00fasica catalana. En acabar el concert van oferir un bis al p\u00fablic assistent amb &#8220;El rossinyol&#8221;, can\u00e7\u00f3 tradicional catalana.<\/p>\n\n\t\t<style type=\"text\/css\">\n\t\t\t#gallery-1 {\n\t\t\t\tmargin: auto;\n\t\t\t}\n\t\t\t#gallery-1 .gallery-item {\n\t\t\t\tfloat: left;\n\t\t\t\tmargin-top: 10px;\n\t\t\t\ttext-align: center;\n\t\t\t\twidth: 50%;\n\t\t\t}\n\t\t\t#gallery-1 img {\n\t\t\t\tborder: 2px solid #cfcfcf;\n\t\t\t}\n\t\t\t#gallery-1 .gallery-caption {\n\t\t\t\tmargin-left: 0;\n\t\t\t}\n\t\t\t\/* see gallery_shortcode() in wp-includes\/media.php *\/\n\t\t<\/style>\n\t\t<div id='gallery-1' class='gallery galleryid-3069 gallery-columns-2 gallery-size-full'><dl class='gallery-item'>\n\t\t\t<dt class='gallery-icon landscape'>\n\t\t\t\t<a href='https:\/\/agora.xtec.cat\/esc-musica-parets\/general\/concert-de-musica-a-la-diada-de-tots-sants\/attachment\/sin-titulo-5\/'><img loading=\"lazy\" decoding=\"async\" width=\"1374\" height=\"1032\" src=\"https:\/\/agora.xtec.cat\/esc-musica-parets\/wp-content\/uploads\/usu1283\/2023\/11\/Sin-titulo-5.jpg\" class=\"attachment-full size-full\" alt=\"\" srcset=\"https:\/\/agora.xtec.cat\/esc-musica-parets\/wp-content\/uploads\/usu1283\/2023\/11\/Sin-titulo-5.jpg 1374w, https:\/\/agora.xtec.cat\/esc-musica-parets\/wp-content\/uploads\/usu1283\/2023\/11\/Sin-titulo-5-300x225.jpg 300w, https:\/\/agora.xtec.cat\/esc-musica-parets\/wp-content\/uploads\/usu1283\/2023\/11\/Sin-titulo-5-1024x769.jpg 1024w, https:\/\/agora.xtec.cat\/esc-musica-parets\/wp-content\/uploads\/usu1283\/2023\/11\/Sin-titulo-5-768x577.jpg 768w, https:\/\/agora.xtec.cat\/esc-musica-parets\/wp-content\/uploads\/usu1283\/2023\/11\/Sin-titulo-5-200x150.jpg 200w\" sizes=\"auto, (max-width: 1374px) 100vw, 1374px\" \/><\/a>\n\t\t\t<\/dt><\/dl><dl class='gallery-item'>\n\t\t\t<dt class='gallery-icon landscape'>\n\t\t\t\t<a href='https:\/\/agora.xtec.cat\/esc-musica-parets\/general\/concert-de-musica-a-la-diada-de-tots-sants\/attachment\/sin-titulo-6\/'><img loading=\"lazy\" decoding=\"async\" width=\"1080\" height=\"720\" src=\"https:\/\/agora.xtec.cat\/esc-musica-parets\/wp-content\/uploads\/usu1283\/2023\/11\/Sin-titulo-6.jpg\" class=\"attachment-full size-full\" alt=\"\" srcset=\"https:\/\/agora.xtec.cat\/esc-musica-parets\/wp-content\/uploads\/usu1283\/2023\/11\/Sin-titulo-6.jpg 1080w, https:\/\/agora.xtec.cat\/esc-musica-parets\/wp-content\/uploads\/usu1283\/2023\/11\/Sin-titulo-6-300x200.jpg 300w, https:\/\/agora.xtec.cat\/esc-musica-parets\/wp-content\/uploads\/usu1283\/2023\/11\/Sin-titulo-6-1024x683.jpg 1024w, https:\/\/agora.xtec.cat\/esc-musica-parets\/wp-content\/uploads\/usu1283\/2023\/11\/Sin-titulo-6-768x512.jpg 768w\" sizes=\"auto, (max-width: 1080px) 100vw, 1080px\" \/><\/a>\n\t\t\t<\/dt><\/dl><br style=\"clear: both\" \/>\n\t\t<\/div>\n\n","protected":false},"excerpt":{"rendered":"<p>La programaci\u00f3 de l\u20191 de novembre va consistir en una preg\u00e0ria pels difunts a c\u00e0rrec del moss\u00e8n Oriol Gil, la benvinguda a l\u2019acte i l\u2019obertura de la placa amb el poema d\u2019enguany que ha estat Pont Narc\u00eds (fragment) de Jaume Vidal i Alcover (Manacor, 1923&hellip;  <a href=\"https:\/\/agora.xtec.cat\/esc-musica-parets\/general\/concert-de-musica-a-la-diada-de-tots-sants\/\" title=\"Read Concert de m\u00fasica a la Diada de Tots Sants\">Llegeix m\u00e9s\u00bb<\/a><\/p>\n","protected":false},"author":1,"featured_media":3070,"comment_status":"open","ping_status":"closed","sticky":false,"template":"","format":"standard","meta":{"_bbp_topic_count":0,"_bbp_reply_count":0,"_bbp_total_topic_count":0,"_bbp_total_reply_count":0,"_bbp_voice_count":0,"_bbp_anonymous_reply_count":0,"_bbp_topic_count_hidden":0,"_bbp_reply_count_hidden":0,"_bbp_forum_subforum_count":0,"footnotes":""},"categories":[1,29],"tags":[151,150,149,77,148],"class_list":["post-3069","post","type-post","status-publish","format-standard","has-post-thumbnail","hentry","category-general","category-portada","tag-emm-parets","tag-escola-musica","tag-musica","tag-noticies","tag-tots-sants"],"post_mailing_queue_ids":[],"_links":{"self":[{"href":"https:\/\/agora.xtec.cat\/esc-musica-parets\/wp-json\/wp\/v2\/posts\/3069","targetHints":{"allow":["GET"]}}],"collection":[{"href":"https:\/\/agora.xtec.cat\/esc-musica-parets\/wp-json\/wp\/v2\/posts"}],"about":[{"href":"https:\/\/agora.xtec.cat\/esc-musica-parets\/wp-json\/wp\/v2\/types\/post"}],"author":[{"embeddable":true,"href":"https:\/\/agora.xtec.cat\/esc-musica-parets\/wp-json\/wp\/v2\/users\/1"}],"replies":[{"embeddable":true,"href":"https:\/\/agora.xtec.cat\/esc-musica-parets\/wp-json\/wp\/v2\/comments?post=3069"}],"version-history":[{"count":1,"href":"https:\/\/agora.xtec.cat\/esc-musica-parets\/wp-json\/wp\/v2\/posts\/3069\/revisions"}],"predecessor-version":[{"id":3072,"href":"https:\/\/agora.xtec.cat\/esc-musica-parets\/wp-json\/wp\/v2\/posts\/3069\/revisions\/3072"}],"wp:featuredmedia":[{"embeddable":true,"href":"https:\/\/agora.xtec.cat\/esc-musica-parets\/wp-json\/wp\/v2\/media\/3070"}],"wp:attachment":[{"href":"https:\/\/agora.xtec.cat\/esc-musica-parets\/wp-json\/wp\/v2\/media?parent=3069"}],"wp:term":[{"taxonomy":"category","embeddable":true,"href":"https:\/\/agora.xtec.cat\/esc-musica-parets\/wp-json\/wp\/v2\/categories?post=3069"},{"taxonomy":"post_tag","embeddable":true,"href":"https:\/\/agora.xtec.cat\/esc-musica-parets\/wp-json\/wp\/v2\/tags?post=3069"}],"curies":[{"name":"wp","href":"https:\/\/api.w.org\/{rel}","templated":true}]}}