{"id":3058,"date":"2023-11-03T19:00:03","date_gmt":"2023-11-03T18:00:03","guid":{"rendered":"https:\/\/agora.xtec.cat\/esc-musica-parets\/?p=3058"},"modified":"2023-11-03T19:27:10","modified_gmt":"2023-11-03T18:27:10","slug":"acte-en-homenatage-a-lluis-companys","status":"publish","type":"post","link":"https:\/\/agora.xtec.cat\/esc-musica-parets\/general\/acte-en-homenatage-a-lluis-companys\/","title":{"rendered":"Acte en homenatge a Llu\u00eds Companys"},"content":{"rendered":"<p><span lang=\"CA\">Parets del Vall\u00e8s va commemorar el passat 16 d\u2019octubre, a la pla\u00e7a de la Vila, l\u2019homenatge al president Llu\u00eds Companys amb motiu del 83\u00e8 aniversari del seu afusellament. L\u2019acte va ser organitzat per l\u2019Ajuntament i la Taula de la Mem\u00f2ria Hist\u00f2rica de Parets. \u00a0<\/span><\/p>\n<p><span lang=\"CA\">La programaci\u00f3 de la jornada va incloure la benvinguda i la lectura de manifest institucional, i parlaments a c\u00e0rrec de l\u2019alcalde de Parets del Vall\u00e8s, Francesc Juzgado i de la vicealcaldessa, Casandra Garcia. <\/span><\/p>\n<p><span lang=\"CA\">Durant l\u2019acte hi va haver tamb\u00e9 el parlament per part d\u2019Albert Blasco, com a representant de la Taula Mem\u00f2ria Hist\u00f2rica de Parets del Vall\u00e8s, i un recital po\u00e8tic amb la participaci\u00f3 de l\u2019associaci\u00f3 Niu d\u2019Art Po\u00e8tic. A m\u00e9s, durant l&#8217;acte va haver una actuaci\u00f3 musical\u00a0 a c\u00e0rrec del director de l&#8217;Escola de M\u00fasica de Parets, Jordi Azagra, qui va interpretar <em>&#8220;Damunt de tu nom\u00e9s les flors&#8221;<\/em> de Frederic Mompou, <em>&#8220;Si me quieres escribir&#8221;<\/em> una pe\u00e7a representativa de l&#8217;\u00e8poca de la guerra civil i com a tancament de la commemoraci\u00f3 es va interpretar amb la can\u00e7\u00f3 &#8220;<i>Que tinguem sort&#8221;<\/i> de Llu\u00eds Llach.<a href=\"https:\/\/agora.xtec.cat\/esc-musica-parets\/wp-content\/uploads\/usu1283\/2023\/11\/391471236_1015459369600291_7282356078723956360_n_bis.jpg\"><img loading=\"lazy\" decoding=\"async\" class=\"size-full wp-image-3059 aligncenter\" src=\"https:\/\/agora.xtec.cat\/esc-musica-parets\/wp-content\/uploads\/usu1283\/2023\/11\/391471236_1015459369600291_7282356078723956360_n_bis.jpg\" alt=\"\" width=\"809\" height=\"525\" srcset=\"https:\/\/agora.xtec.cat\/esc-musica-parets\/wp-content\/uploads\/usu1283\/2023\/11\/391471236_1015459369600291_7282356078723956360_n_bis.jpg 809w, https:\/\/agora.xtec.cat\/esc-musica-parets\/wp-content\/uploads\/usu1283\/2023\/11\/391471236_1015459369600291_7282356078723956360_n_bis-300x195.jpg 300w, https:\/\/agora.xtec.cat\/esc-musica-parets\/wp-content\/uploads\/usu1283\/2023\/11\/391471236_1015459369600291_7282356078723956360_n_bis-768x498.jpg 768w\" sizes=\"auto, (max-width: 809px) 100vw, 809px\" \/><\/a><\/span><\/p>\n","protected":false},"excerpt":{"rendered":"<p>Parets del Vall\u00e8s va commemorar el passat 16 d\u2019octubre, a la pla\u00e7a de la Vila, l\u2019homenatge al president Llu\u00eds Companys amb motiu del 83\u00e8 aniversari del seu afusellament. L\u2019acte va ser organitzat per l\u2019Ajuntament i la Taula de la Mem\u00f2ria Hist\u00f2rica de Parets. \u00a0<br \/>\nLa programaci\u00f3&hellip;  <a href=\"https:\/\/agora.xtec.cat\/esc-musica-parets\/general\/acte-en-homenatage-a-lluis-companys\/\" title=\"Read Acte en homenatge a Llu\u00eds Companys\">Llegeix m\u00e9s\u00bb<\/a><\/p>\n","protected":false},"author":1,"featured_media":3059,"comment_status":"open","ping_status":"closed","sticky":false,"template":"","format":"standard","meta":{"_bbp_topic_count":0,"_bbp_reply_count":0,"_bbp_total_topic_count":0,"_bbp_total_reply_count":0,"_bbp_voice_count":0,"_bbp_anonymous_reply_count":0,"_bbp_topic_count_hidden":0,"_bbp_reply_count_hidden":0,"_bbp_forum_subforum_count":0,"footnotes":""},"categories":[1,29],"tags":[151,150,77],"class_list":["post-3058","post","type-post","status-publish","format-standard","has-post-thumbnail","hentry","category-general","category-portada","tag-emm-parets","tag-escola-musica","tag-noticies"],"post_mailing_queue_ids":[],"_links":{"self":[{"href":"https:\/\/agora.xtec.cat\/esc-musica-parets\/wp-json\/wp\/v2\/posts\/3058","targetHints":{"allow":["GET"]}}],"collection":[{"href":"https:\/\/agora.xtec.cat\/esc-musica-parets\/wp-json\/wp\/v2\/posts"}],"about":[{"href":"https:\/\/agora.xtec.cat\/esc-musica-parets\/wp-json\/wp\/v2\/types\/post"}],"author":[{"embeddable":true,"href":"https:\/\/agora.xtec.cat\/esc-musica-parets\/wp-json\/wp\/v2\/users\/1"}],"replies":[{"embeddable":true,"href":"https:\/\/agora.xtec.cat\/esc-musica-parets\/wp-json\/wp\/v2\/comments?post=3058"}],"version-history":[{"count":2,"href":"https:\/\/agora.xtec.cat\/esc-musica-parets\/wp-json\/wp\/v2\/posts\/3058\/revisions"}],"predecessor-version":[{"id":3073,"href":"https:\/\/agora.xtec.cat\/esc-musica-parets\/wp-json\/wp\/v2\/posts\/3058\/revisions\/3073"}],"wp:featuredmedia":[{"embeddable":true,"href":"https:\/\/agora.xtec.cat\/esc-musica-parets\/wp-json\/wp\/v2\/media\/3059"}],"wp:attachment":[{"href":"https:\/\/agora.xtec.cat\/esc-musica-parets\/wp-json\/wp\/v2\/media?parent=3058"}],"wp:term":[{"taxonomy":"category","embeddable":true,"href":"https:\/\/agora.xtec.cat\/esc-musica-parets\/wp-json\/wp\/v2\/categories?post=3058"},{"taxonomy":"post_tag","embeddable":true,"href":"https:\/\/agora.xtec.cat\/esc-musica-parets\/wp-json\/wp\/v2\/tags?post=3058"}],"curies":[{"name":"wp","href":"https:\/\/api.w.org\/{rel}","templated":true}]}}