{"id":3016,"date":"2023-06-16T18:46:12","date_gmt":"2023-06-16T16:46:12","guid":{"rendered":"https:\/\/agora.xtec.cat\/esc-musica-parets\/?p=3016"},"modified":"2023-06-16T18:48:22","modified_gmt":"2023-06-16T16:48:22","slug":"concert-de-fi-de-curs","status":"publish","type":"post","link":"https:\/\/agora.xtec.cat\/esc-musica-parets\/general\/concert-de-fi-de-curs\/","title":{"rendered":"Concert de fi de curs"},"content":{"rendered":"<p>Ahir, dijous 15 de juny de 2023, va tenir lloc el CONCERT DE FI DE CURS al teatre Can Rajoler. Com ja va sent habitual, es van poder veure i sentir les formacions instrumentals i vocals de l&#8217;escola.<\/p>\n<p>Participar en una formaci\u00f3, de l&#8217;estil que sigui, cl\u00e0ssica o moderna, instrumental o vocal, dona als alumnes una visi\u00f3 diferent i alhora molt engrescadora, del que significa &#8220;fer m\u00fasica&#8221;. L&#8217;aportaci\u00f3 que fa cadascun dels membres del conjunt amb el seu instrument o la seva veu, com un granet de sorra sobre un tot conjunt, crea unes sinergies que dif\u00edcilment es poden donar en la interpretaci\u00f3 individual. Per aquest motiu, des de la nostra escola potenciem al m\u00e0xim la participaci\u00f3 en formacions grupals.<\/p>\n<p>Per cloure el concert hi ha haver una nova intervenci\u00f3 de la <strong>Macro-Orquestra<\/strong>, aquest projecte que es va iniciar l&#8217;any 2015 i que pret\u00e9n elevar un esgla\u00f3 m\u00e9s l&#8217;experi\u00e8ncia de la m\u00fasica en conjunt, arreplegant un gran nombre d&#8217;instrumentistes de totes les especialitats i experimentant a un nivell m\u00e9s l&#8217;alt el gaudi de tocar en conjunt.<\/p>\n<p>Podeu veure el reportatge fotogr\u00e0fic clicant <a href=\"https:\/\/www.flickr.com\/photos\/paretsconnecta\/albums\/72177720309087721\"><strong>AQU\u00cd<\/strong><\/a><\/p>\n<p style=\"text-align: center;\"><a href=\"https:\/\/agora.xtec.cat\/esc-musica-parets\/wp-content\/uploads\/usu1283\/2023\/06\/230615-concert-fi-de-curs-emm-109_52978426615_o.jpg\"><img loading=\"lazy\" decoding=\"async\" class=\"alignnone size-large wp-image-3017\" src=\"https:\/\/agora.xtec.cat\/esc-musica-parets\/wp-content\/uploads\/usu1283\/2023\/06\/230615-concert-fi-de-curs-emm-109_52978426615_o-1024x676.jpg\" alt=\"\" width=\"1024\" height=\"676\" srcset=\"https:\/\/agora.xtec.cat\/esc-musica-parets\/wp-content\/uploads\/usu1283\/2023\/06\/230615-concert-fi-de-curs-emm-109_52978426615_o-1024x676.jpg 1024w, https:\/\/agora.xtec.cat\/esc-musica-parets\/wp-content\/uploads\/usu1283\/2023\/06\/230615-concert-fi-de-curs-emm-109_52978426615_o-300x198.jpg 300w, https:\/\/agora.xtec.cat\/esc-musica-parets\/wp-content\/uploads\/usu1283\/2023\/06\/230615-concert-fi-de-curs-emm-109_52978426615_o-768x507.jpg 768w, https:\/\/agora.xtec.cat\/esc-musica-parets\/wp-content\/uploads\/usu1283\/2023\/06\/230615-concert-fi-de-curs-emm-109_52978426615_o.jpg 1200w\" sizes=\"auto, (max-width: 1024px) 100vw, 1024px\" \/><\/a><\/p>\n","protected":false},"excerpt":{"rendered":"<p>Ahir, dijous 15 de juny de 2023, va tenir lloc el CONCERT DE FI DE CURS al teatre Can Rajoler. Com ja va sent habitual, es van poder veure i sentir les formacions instrumentals i vocals de l&#8217;escola.<br \/>\nParticipar en una formaci\u00f3, de l&#8217;estil que sigui,&hellip;  <a href=\"https:\/\/agora.xtec.cat\/esc-musica-parets\/general\/concert-de-fi-de-curs\/\" title=\"Read Concert de fi de curs\">Llegeix m\u00e9s\u00bb<\/a><\/p>\n","protected":false},"author":1,"featured_media":3017,"comment_status":"open","ping_status":"closed","sticky":false,"template":"","format":"standard","meta":{"_bbp_topic_count":0,"_bbp_reply_count":0,"_bbp_total_topic_count":0,"_bbp_total_reply_count":0,"_bbp_voice_count":0,"_bbp_anonymous_reply_count":0,"_bbp_topic_count_hidden":0,"_bbp_reply_count_hidden":0,"_bbp_forum_subforum_count":0,"footnotes":""},"categories":[1,29],"tags":[80,151,150,168],"class_list":["post-3016","post","type-post","status-publish","format-standard","has-post-thumbnail","hentry","category-general","category-portada","tag-concert-fi-de-curs","tag-emm-parets","tag-escola-musica","tag-macro-orquestra"],"post_mailing_queue_ids":[],"_links":{"self":[{"href":"https:\/\/agora.xtec.cat\/esc-musica-parets\/wp-json\/wp\/v2\/posts\/3016","targetHints":{"allow":["GET"]}}],"collection":[{"href":"https:\/\/agora.xtec.cat\/esc-musica-parets\/wp-json\/wp\/v2\/posts"}],"about":[{"href":"https:\/\/agora.xtec.cat\/esc-musica-parets\/wp-json\/wp\/v2\/types\/post"}],"author":[{"embeddable":true,"href":"https:\/\/agora.xtec.cat\/esc-musica-parets\/wp-json\/wp\/v2\/users\/1"}],"replies":[{"embeddable":true,"href":"https:\/\/agora.xtec.cat\/esc-musica-parets\/wp-json\/wp\/v2\/comments?post=3016"}],"version-history":[{"count":2,"href":"https:\/\/agora.xtec.cat\/esc-musica-parets\/wp-json\/wp\/v2\/posts\/3016\/revisions"}],"predecessor-version":[{"id":3019,"href":"https:\/\/agora.xtec.cat\/esc-musica-parets\/wp-json\/wp\/v2\/posts\/3016\/revisions\/3019"}],"wp:featuredmedia":[{"embeddable":true,"href":"https:\/\/agora.xtec.cat\/esc-musica-parets\/wp-json\/wp\/v2\/media\/3017"}],"wp:attachment":[{"href":"https:\/\/agora.xtec.cat\/esc-musica-parets\/wp-json\/wp\/v2\/media?parent=3016"}],"wp:term":[{"taxonomy":"category","embeddable":true,"href":"https:\/\/agora.xtec.cat\/esc-musica-parets\/wp-json\/wp\/v2\/categories?post=3016"},{"taxonomy":"post_tag","embeddable":true,"href":"https:\/\/agora.xtec.cat\/esc-musica-parets\/wp-json\/wp\/v2\/tags?post=3016"}],"curies":[{"name":"wp","href":"https:\/\/api.w.org\/{rel}","templated":true}]}}