{"id":3005,"date":"2023-06-01T17:19:44","date_gmt":"2023-06-01T15:19:44","guid":{"rendered":"https:\/\/agora.xtec.cat\/esc-musica-parets\/?p=3005"},"modified":"2023-06-01T17:20:25","modified_gmt":"2023-06-01T15:20:25","slug":"gala-parets-contra-el-cancer","status":"publish","type":"post","link":"https:\/\/agora.xtec.cat\/esc-musica-parets\/general\/gala-parets-contra-el-cancer\/","title":{"rendered":"Gala Parets contra el c\u00e0ncer"},"content":{"rendered":"<p>El passat dissabte 27 de maig, va tenir lloc al teatre Can Rajoler una nova edici\u00f3 de la gala &#8220;Parets contra el c\u00e0ncer&#8221;. Com en altres edicions, l&#8217;Escola Municipal de M\u00fasica tamb\u00e9 ha volgut col\u00b7laborar amb aquest esdeveniment i, enguany, la participaci\u00f3 ha anat a c\u00e0rrec de la coral d&#8217;adults de l&#8217;escola que van fer gaudir al p\u00fablic amb la seva simpatia i saber fer.<\/p>\n<p>Podeu consultar les fotos de l&#8217;acte clicant <a href=\"https:\/\/www.flickr.com\/photos\/paretsconnecta\/albums\/72177720308629070\"><strong>AQUI<\/strong><\/a><\/p>\n<p style=\"text-align: center;\"><a href=\"https:\/\/agora.xtec.cat\/esc-musica-parets\/wp-content\/uploads\/usu1283\/2023\/06\/230527-gala-benefica-parets-contra-el-cancer-web99_52932437059_o.jpg\"><img loading=\"lazy\" decoding=\"async\" class=\"alignnone size-large wp-image-3006\" src=\"https:\/\/agora.xtec.cat\/esc-musica-parets\/wp-content\/uploads\/usu1283\/2023\/06\/230527-gala-benefica-parets-contra-el-cancer-web99_52932437059_o-1024x686.jpg\" alt=\"\" width=\"1024\" height=\"686\" srcset=\"https:\/\/agora.xtec.cat\/esc-musica-parets\/wp-content\/uploads\/usu1283\/2023\/06\/230527-gala-benefica-parets-contra-el-cancer-web99_52932437059_o-1024x686.jpg 1024w, https:\/\/agora.xtec.cat\/esc-musica-parets\/wp-content\/uploads\/usu1283\/2023\/06\/230527-gala-benefica-parets-contra-el-cancer-web99_52932437059_o-300x201.jpg 300w, https:\/\/agora.xtec.cat\/esc-musica-parets\/wp-content\/uploads\/usu1283\/2023\/06\/230527-gala-benefica-parets-contra-el-cancer-web99_52932437059_o-768x515.jpg 768w, https:\/\/agora.xtec.cat\/esc-musica-parets\/wp-content\/uploads\/usu1283\/2023\/06\/230527-gala-benefica-parets-contra-el-cancer-web99_52932437059_o.jpg 1200w\" sizes=\"auto, (max-width: 1024px) 100vw, 1024px\" \/><\/a><\/p>\n","protected":false},"excerpt":{"rendered":"<p>El passat dissabte 27 de maig, va tenir lloc al teatre Can Rajoler una nova edici\u00f3 de la gala &#8220;Parets contra el c\u00e0ncer&#8221;. Com en altres edicions, l&#8217;Escola Municipal de M\u00fasica tamb\u00e9 ha volgut col\u00b7laborar amb aquest esdeveniment i, enguany, la participaci\u00f3 ha anat a&hellip;  <a href=\"https:\/\/agora.xtec.cat\/esc-musica-parets\/general\/gala-parets-contra-el-cancer\/\" title=\"Read Gala Parets contra el c\u00e0ncer\">Llegeix m\u00e9s\u00bb<\/a><\/p>\n","protected":false},"author":1,"featured_media":3006,"comment_status":"open","ping_status":"closed","sticky":false,"template":"","format":"standard","meta":{"_bbp_topic_count":0,"_bbp_reply_count":0,"_bbp_total_topic_count":0,"_bbp_total_reply_count":0,"_bbp_voice_count":0,"_bbp_anonymous_reply_count":0,"_bbp_topic_count_hidden":0,"_bbp_reply_count_hidden":0,"_bbp_forum_subforum_count":0,"footnotes":""},"categories":[1,29],"tags":[83,151,150,138,77],"class_list":["post-3005","post","type-post","status-publish","format-standard","has-post-thumbnail","hentry","category-general","category-portada","tag-corals","tag-emm-parets","tag-escola-musica","tag-cancer","tag-noticies"],"post_mailing_queue_ids":[],"_links":{"self":[{"href":"https:\/\/agora.xtec.cat\/esc-musica-parets\/wp-json\/wp\/v2\/posts\/3005","targetHints":{"allow":["GET"]}}],"collection":[{"href":"https:\/\/agora.xtec.cat\/esc-musica-parets\/wp-json\/wp\/v2\/posts"}],"about":[{"href":"https:\/\/agora.xtec.cat\/esc-musica-parets\/wp-json\/wp\/v2\/types\/post"}],"author":[{"embeddable":true,"href":"https:\/\/agora.xtec.cat\/esc-musica-parets\/wp-json\/wp\/v2\/users\/1"}],"replies":[{"embeddable":true,"href":"https:\/\/agora.xtec.cat\/esc-musica-parets\/wp-json\/wp\/v2\/comments?post=3005"}],"version-history":[{"count":1,"href":"https:\/\/agora.xtec.cat\/esc-musica-parets\/wp-json\/wp\/v2\/posts\/3005\/revisions"}],"predecessor-version":[{"id":3007,"href":"https:\/\/agora.xtec.cat\/esc-musica-parets\/wp-json\/wp\/v2\/posts\/3005\/revisions\/3007"}],"wp:featuredmedia":[{"embeddable":true,"href":"https:\/\/agora.xtec.cat\/esc-musica-parets\/wp-json\/wp\/v2\/media\/3006"}],"wp:attachment":[{"href":"https:\/\/agora.xtec.cat\/esc-musica-parets\/wp-json\/wp\/v2\/media?parent=3005"}],"wp:term":[{"taxonomy":"category","embeddable":true,"href":"https:\/\/agora.xtec.cat\/esc-musica-parets\/wp-json\/wp\/v2\/categories?post=3005"},{"taxonomy":"post_tag","embeddable":true,"href":"https:\/\/agora.xtec.cat\/esc-musica-parets\/wp-json\/wp\/v2\/tags?post=3005"}],"curies":[{"name":"wp","href":"https:\/\/api.w.org\/{rel}","templated":true}]}}