{"id":2958,"date":"2023-04-24T17:42:27","date_gmt":"2023-04-24T15:42:27","guid":{"rendered":"https:\/\/agora.xtec.cat\/esc-musica-parets\/?p=2958"},"modified":"2023-04-24T17:42:27","modified_gmt":"2023-04-24T15:42:27","slug":"commemoracio-de-la-ii-republica","status":"publish","type":"post","link":"https:\/\/agora.xtec.cat\/esc-musica-parets\/general\/commemoracio-de-la-ii-republica\/","title":{"rendered":"Commemoraci\u00f3 de la II Rep\u00fablica"},"content":{"rendered":"<div class=\"brcm-body\">\n<p>L\u2019Ajuntament de Parets del Vall\u00e8s va celebrar, el divendres 14 d\u2019abril de 2023, la commemoraci\u00f3 del 92\u00e8 aniversari de la proclamaci\u00f3 de la Segona Rep\u00fablica al parc la Linera. Entre els actes que es van organitzar enguany per celebrar l\u2019efem\u00e8ride hi va haver la lectura del manifest institucional, la lectura de poemes relacionats amb la II Rep\u00fablica a c\u00e0rrec de Niu d&#8217;Art Po\u00e8tic i de rapsodes del municipi, el parlament de l\u2019Associaci\u00f3 Taula de la Mem\u00f2ria Hist\u00f2ria de Parets i un parlament institucional.<\/p>\n<p>L\u2019acte tamb\u00e9 va comptar amb una actuaci\u00f3 musical de piano i viol\u00ed a c\u00e0rrec de Jordi Azagra, de l\u2019Escola Municipal de M\u00fasica, i Ernesto Brice\u00f1o, del CEM Mar\u00eda Grever, els quals van interpretar l&#8217;Himne de Riego i altres peces de l&#8217;\u00e8poca.<\/p>\n<p><a href=\"https:\/\/agora.xtec.cat\/esc-musica-parets\/wp-content\/uploads\/usu1283\/2023\/04\/IMG-20230414-WA0000.jpg\"><img loading=\"lazy\" decoding=\"async\" class=\"size-full wp-image-2959 aligncenter\" src=\"https:\/\/agora.xtec.cat\/esc-musica-parets\/wp-content\/uploads\/usu1283\/2023\/04\/IMG-20230414-WA0000.jpg\" alt=\"\" width=\"1024\" height=\"768\" srcset=\"https:\/\/agora.xtec.cat\/esc-musica-parets\/wp-content\/uploads\/usu1283\/2023\/04\/IMG-20230414-WA0000.jpg 1024w, https:\/\/agora.xtec.cat\/esc-musica-parets\/wp-content\/uploads\/usu1283\/2023\/04\/IMG-20230414-WA0000-300x225.jpg 300w, https:\/\/agora.xtec.cat\/esc-musica-parets\/wp-content\/uploads\/usu1283\/2023\/04\/IMG-20230414-WA0000-768x576.jpg 768w, https:\/\/agora.xtec.cat\/esc-musica-parets\/wp-content\/uploads\/usu1283\/2023\/04\/IMG-20230414-WA0000-200x150.jpg 200w\" sizes=\"auto, (max-width: 1024px) 100vw, 1024px\" \/><\/a><\/p>\n<\/div>\n","protected":false},"excerpt":{"rendered":"<p>L\u2019Ajuntament de Parets del Vall\u00e8s va celebrar, el divendres 14 d\u2019abril de 2023, la commemoraci\u00f3 del 92\u00e8 aniversari de la proclamaci\u00f3 de la Segona Rep\u00fablica al parc la Linera. Entre els actes que es van organitzar enguany per celebrar l\u2019efem\u00e8ride hi va haver la lectura&hellip;  <a href=\"https:\/\/agora.xtec.cat\/esc-musica-parets\/general\/commemoracio-de-la-ii-republica\/\" title=\"Read Commemoraci\u00f3 de la II Rep\u00fablica\">Llegeix m\u00e9s\u00bb<\/a><\/p>\n","protected":false},"author":1,"featured_media":2959,"comment_status":"open","ping_status":"closed","sticky":false,"template":"","format":"standard","meta":{"_bbp_topic_count":0,"_bbp_reply_count":0,"_bbp_total_topic_count":0,"_bbp_total_reply_count":0,"_bbp_voice_count":0,"_bbp_anonymous_reply_count":0,"_bbp_topic_count_hidden":0,"_bbp_reply_count_hidden":0,"_bbp_forum_subforum_count":0,"footnotes":""},"categories":[1,29],"tags":[151,150,149,77],"class_list":["post-2958","post","type-post","status-publish","format-standard","has-post-thumbnail","hentry","category-general","category-portada","tag-emm-parets","tag-escola-musica","tag-musica","tag-noticies"],"post_mailing_queue_ids":[],"_links":{"self":[{"href":"https:\/\/agora.xtec.cat\/esc-musica-parets\/wp-json\/wp\/v2\/posts\/2958","targetHints":{"allow":["GET"]}}],"collection":[{"href":"https:\/\/agora.xtec.cat\/esc-musica-parets\/wp-json\/wp\/v2\/posts"}],"about":[{"href":"https:\/\/agora.xtec.cat\/esc-musica-parets\/wp-json\/wp\/v2\/types\/post"}],"author":[{"embeddable":true,"href":"https:\/\/agora.xtec.cat\/esc-musica-parets\/wp-json\/wp\/v2\/users\/1"}],"replies":[{"embeddable":true,"href":"https:\/\/agora.xtec.cat\/esc-musica-parets\/wp-json\/wp\/v2\/comments?post=2958"}],"version-history":[{"count":1,"href":"https:\/\/agora.xtec.cat\/esc-musica-parets\/wp-json\/wp\/v2\/posts\/2958\/revisions"}],"predecessor-version":[{"id":2960,"href":"https:\/\/agora.xtec.cat\/esc-musica-parets\/wp-json\/wp\/v2\/posts\/2958\/revisions\/2960"}],"wp:featuredmedia":[{"embeddable":true,"href":"https:\/\/agora.xtec.cat\/esc-musica-parets\/wp-json\/wp\/v2\/media\/2959"}],"wp:attachment":[{"href":"https:\/\/agora.xtec.cat\/esc-musica-parets\/wp-json\/wp\/v2\/media?parent=2958"}],"wp:term":[{"taxonomy":"category","embeddable":true,"href":"https:\/\/agora.xtec.cat\/esc-musica-parets\/wp-json\/wp\/v2\/categories?post=2958"},{"taxonomy":"post_tag","embeddable":true,"href":"https:\/\/agora.xtec.cat\/esc-musica-parets\/wp-json\/wp\/v2\/tags?post=2958"}],"curies":[{"name":"wp","href":"https:\/\/api.w.org\/{rel}","templated":true}]}}