{"id":2954,"date":"2023-02-21T20:24:24","date_gmt":"2023-02-21T19:24:24","guid":{"rendered":"https:\/\/agora.xtec.cat\/esc-musica-parets\/?p=2954"},"modified":"2023-02-21T20:24:50","modified_gmt":"2023-02-21T19:24:50","slug":"presentacio-del-disc-butxaca-de-cancons-2","status":"publish","type":"post","link":"https:\/\/agora.xtec.cat\/esc-musica-parets\/general\/presentacio-del-disc-butxaca-de-cancons-2\/","title":{"rendered":"Presentaci\u00f3 del disc &#8220;Butxaca de can\u00e7ons 2&#8221;"},"content":{"rendered":"<p>Despr\u00e9s de la bona acceptaci\u00f3 del primer projecte &#8220;Butxaca de can\u00e7ons&#8221;, un disc enregistrat per alumnes, professores i professors de l&#8217;Escola Municipal de M\u00fasica l&#8217;any 2013, amb un recull de can\u00e7ons populars que servirien de suport pedag\u00f2gic per a les escoles bressol del municipi, durant l&#8217;any 2022 s&#8217;ha portat a terme la preparaci\u00f3 i enregistrament d&#8217;un nou disc, &#8220;Butxaca de can\u00e7ons 2&#8221;, amb un repertori de can\u00e7ons adre\u00e7at als alumnes de l&#8217;etapa infantil. En aquesta ocasi\u00f3 es va optar per fer uns arranjaments m\u00e9s atrevits, optant per ritmes com l&#8217;ska, el regaee, el dixie o la m\u00fasica electr\u00f2nica. Un cop m\u00e9s, alumnes, professores i professors de l&#8217;Escola Municipal de M\u00fasica han estat els encarregats d&#8217;enregistrar les 42 can\u00e7ons que conformen el nou disc. Donat que el format CD ja es troba un tant obsolet, s&#8217;ha optat per un USB com a suport f\u00edsic, dins del qual es poden trobar les can\u00e7ons en format mp3 i wav, aix\u00ed com un pdf amb fotografies dels participants i les llestres de les can\u00e7ons.<\/p>\n<p>La presentaci\u00f3 d&#8217;aquest nou disc es va dur a terme el passat divendres 17 de febrer, coincidint amb la festa de Carnestoltes, i es va fer al parc Sot d&#8217;en Barriques. A l&#8217;acte, que va comptar amb una gran aflu\u00e8ncia de p\u00fablic, es van interpretar en directe alguns dels temes que integren aquest nou projecte.<\/p>\n<p>Podeu veure un petit reportatge fotogr\u00e0fic clicant <a href=\"https:\/\/www.flickr.com\/photos\/paretsconnecta\/albums\/72177720306148978\"><strong>AQU\u00cd<\/strong><\/a><\/p>\n<p><a href=\"https:\/\/agora.xtec.cat\/esc-musica-parets\/wp-content\/uploads\/usu1283\/2023\/02\/butxaca-2023-7_52699762326_o.jpg\"><img loading=\"lazy\" decoding=\"async\" class=\"size-large wp-image-2955 aligncenter\" src=\"https:\/\/agora.xtec.cat\/esc-musica-parets\/wp-content\/uploads\/usu1283\/2023\/02\/butxaca-2023-7_52699762326_o-1024x768.jpg\" alt=\"\" width=\"1024\" height=\"768\" srcset=\"https:\/\/agora.xtec.cat\/esc-musica-parets\/wp-content\/uploads\/usu1283\/2023\/02\/butxaca-2023-7_52699762326_o-1024x768.jpg 1024w, https:\/\/agora.xtec.cat\/esc-musica-parets\/wp-content\/uploads\/usu1283\/2023\/02\/butxaca-2023-7_52699762326_o-300x225.jpg 300w, https:\/\/agora.xtec.cat\/esc-musica-parets\/wp-content\/uploads\/usu1283\/2023\/02\/butxaca-2023-7_52699762326_o-768x576.jpg 768w, https:\/\/agora.xtec.cat\/esc-musica-parets\/wp-content\/uploads\/usu1283\/2023\/02\/butxaca-2023-7_52699762326_o-1536x1152.jpg 1536w, https:\/\/agora.xtec.cat\/esc-musica-parets\/wp-content\/uploads\/usu1283\/2023\/02\/butxaca-2023-7_52699762326_o-200x150.jpg 200w, https:\/\/agora.xtec.cat\/esc-musica-parets\/wp-content\/uploads\/usu1283\/2023\/02\/butxaca-2023-7_52699762326_o.jpg 1600w\" sizes=\"auto, (max-width: 1024px) 100vw, 1024px\" \/><\/a><\/p>\n","protected":false},"excerpt":{"rendered":"<p>Despr\u00e9s de la bona acceptaci\u00f3 del primer projecte &#8220;Butxaca de can\u00e7ons&#8221;, un disc enregistrat per alumnes, professores i professors de l&#8217;Escola Municipal de M\u00fasica l&#8217;any 2013, amb un recull de can\u00e7ons populars que servirien de suport pedag\u00f2gic per a les escoles bressol del municipi, durant&hellip;  <a href=\"https:\/\/agora.xtec.cat\/esc-musica-parets\/general\/presentacio-del-disc-butxaca-de-cancons-2\/\" title=\"Read Presentaci\u00f3 del disc &#8220;Butxaca de can\u00e7ons 2&#8221;\">Llegeix m\u00e9s\u00bb<\/a><\/p>\n","protected":false},"author":1,"featured_media":2955,"comment_status":"open","ping_status":"closed","sticky":false,"template":"","format":"standard","meta":{"_bbp_topic_count":0,"_bbp_reply_count":0,"_bbp_total_topic_count":0,"_bbp_total_reply_count":0,"_bbp_voice_count":0,"_bbp_anonymous_reply_count":0,"_bbp_topic_count_hidden":0,"_bbp_reply_count_hidden":0,"_bbp_forum_subforum_count":0,"footnotes":""},"categories":[1,29],"tags":[151,150,77,152],"class_list":["post-2954","post","type-post","status-publish","format-standard","has-post-thumbnail","hentry","category-general","category-portada","tag-emm-parets","tag-escola-musica","tag-noticies","tag-professors"],"post_mailing_queue_ids":[],"_links":{"self":[{"href":"https:\/\/agora.xtec.cat\/esc-musica-parets\/wp-json\/wp\/v2\/posts\/2954","targetHints":{"allow":["GET"]}}],"collection":[{"href":"https:\/\/agora.xtec.cat\/esc-musica-parets\/wp-json\/wp\/v2\/posts"}],"about":[{"href":"https:\/\/agora.xtec.cat\/esc-musica-parets\/wp-json\/wp\/v2\/types\/post"}],"author":[{"embeddable":true,"href":"https:\/\/agora.xtec.cat\/esc-musica-parets\/wp-json\/wp\/v2\/users\/1"}],"replies":[{"embeddable":true,"href":"https:\/\/agora.xtec.cat\/esc-musica-parets\/wp-json\/wp\/v2\/comments?post=2954"}],"version-history":[{"count":1,"href":"https:\/\/agora.xtec.cat\/esc-musica-parets\/wp-json\/wp\/v2\/posts\/2954\/revisions"}],"predecessor-version":[{"id":2957,"href":"https:\/\/agora.xtec.cat\/esc-musica-parets\/wp-json\/wp\/v2\/posts\/2954\/revisions\/2957"}],"wp:featuredmedia":[{"embeddable":true,"href":"https:\/\/agora.xtec.cat\/esc-musica-parets\/wp-json\/wp\/v2\/media\/2955"}],"wp:attachment":[{"href":"https:\/\/agora.xtec.cat\/esc-musica-parets\/wp-json\/wp\/v2\/media?parent=2954"}],"wp:term":[{"taxonomy":"category","embeddable":true,"href":"https:\/\/agora.xtec.cat\/esc-musica-parets\/wp-json\/wp\/v2\/categories?post=2954"},{"taxonomy":"post_tag","embeddable":true,"href":"https:\/\/agora.xtec.cat\/esc-musica-parets\/wp-json\/wp\/v2\/tags?post=2954"}],"curies":[{"name":"wp","href":"https:\/\/api.w.org\/{rel}","templated":true}]}}