{"id":2949,"date":"2023-02-21T20:01:53","date_gmt":"2023-02-21T19:01:53","guid":{"rendered":"https:\/\/agora.xtec.cat\/esc-musica-parets\/?p=2949"},"modified":"2023-02-21T20:02:11","modified_gmt":"2023-02-21T19:02:11","slug":"comencen-les-audicions-per-a-escolars-2022-23","status":"publish","type":"post","link":"https:\/\/agora.xtec.cat\/esc-musica-parets\/general\/comencen-les-audicions-per-a-escolars-2022-23\/","title":{"rendered":"Comencen les &#8220;Audicions per a escolars&#8221; 2022-23"},"content":{"rendered":"<p>Un any m\u00e9s, al mes de gener s&#8217;inicia el cicle d'&#8221;Audicions per a escolars&#8221;, adre\u00e7at als alumnes de tots els col\u00b7legis de prim\u00e0ria de Parets del Vall\u00e8s. Al llarg de 4 mesos, passaran per l&#8217;auditori de l&#8217;Escola Municipal de M\u00fasica prop de 1.000 nenes i nenes dels cursos 6\u00e8, 4t, 2n i Infantil 5. Les audicions que podran escoltar aquest curs s\u00f3n &#8220;Euro-Tradicional&#8221;, un recorregut per les m\u00fasiques populars de diferents indrets del m\u00f3n, i &#8220;La fada dels somnis&#8221;, un conte amb can\u00e7ons per a la mainada.<\/p>\n<p>Com sempre, aquestes audicions estan interpretades per professores i professors de l&#8217;Escola Municipal de M\u00fasica i es fan en horari lectiu dels alumnes assistents.<\/p>\n<p><a href=\"https:\/\/agora.xtec.cat\/esc-musica-parets\/wp-content\/uploads\/usu1283\/2023\/02\/IMG-20230119-WA0001.jpg\"><img loading=\"lazy\" decoding=\"async\" class=\"size-large wp-image-2950 aligncenter\" src=\"https:\/\/agora.xtec.cat\/esc-musica-parets\/wp-content\/uploads\/usu1283\/2023\/02\/IMG-20230119-WA0001-1024x576.jpg\" alt=\"\" width=\"1024\" height=\"576\" srcset=\"https:\/\/agora.xtec.cat\/esc-musica-parets\/wp-content\/uploads\/usu1283\/2023\/02\/IMG-20230119-WA0001-1024x576.jpg 1024w, https:\/\/agora.xtec.cat\/esc-musica-parets\/wp-content\/uploads\/usu1283\/2023\/02\/IMG-20230119-WA0001-300x169.jpg 300w, https:\/\/agora.xtec.cat\/esc-musica-parets\/wp-content\/uploads\/usu1283\/2023\/02\/IMG-20230119-WA0001-768x432.jpg 768w, https:\/\/agora.xtec.cat\/esc-musica-parets\/wp-content\/uploads\/usu1283\/2023\/02\/IMG-20230119-WA0001-1536x864.jpg 1536w, https:\/\/agora.xtec.cat\/esc-musica-parets\/wp-content\/uploads\/usu1283\/2023\/02\/IMG-20230119-WA0001.jpg 2000w\" sizes=\"auto, (max-width: 1024px) 100vw, 1024px\" \/><\/a><\/p>\n","protected":false},"excerpt":{"rendered":"<p>Un any m\u00e9s, al mes de gener s&#8217;inicia el cicle d&#8217;&#8221;Audicions per a escolars&#8221;, adre\u00e7at als alumnes de tots els col\u00b7legis de prim\u00e0ria de Parets del Vall\u00e8s. Al llarg de 4 mesos, passaran per l&#8217;auditori de l&#8217;Escola Municipal de M\u00fasica prop de 1.000 nenes i&hellip;  <a href=\"https:\/\/agora.xtec.cat\/esc-musica-parets\/general\/comencen-les-audicions-per-a-escolars-2022-23\/\" title=\"Read Comencen les &#8220;Audicions per a escolars&#8221; 2022-23\">Llegeix m\u00e9s\u00bb<\/a><\/p>\n","protected":false},"author":1,"featured_media":2950,"comment_status":"open","ping_status":"closed","sticky":false,"template":"","format":"standard","meta":{"_bbp_topic_count":0,"_bbp_reply_count":0,"_bbp_total_topic_count":0,"_bbp_total_reply_count":0,"_bbp_voice_count":0,"_bbp_anonymous_reply_count":0,"_bbp_topic_count_hidden":0,"_bbp_reply_count_hidden":0,"_bbp_forum_subforum_count":0,"footnotes":""},"categories":[1,29],"tags":[100,141,151,150,77,152],"class_list":["post-2949","post","type-post","status-publish","format-standard","has-post-thumbnail","hentry","category-general","category-portada","tag-audicions","tag-audicions-escolars","tag-emm-parets","tag-escola-musica","tag-noticies","tag-professors"],"post_mailing_queue_ids":[],"_links":{"self":[{"href":"https:\/\/agora.xtec.cat\/esc-musica-parets\/wp-json\/wp\/v2\/posts\/2949","targetHints":{"allow":["GET"]}}],"collection":[{"href":"https:\/\/agora.xtec.cat\/esc-musica-parets\/wp-json\/wp\/v2\/posts"}],"about":[{"href":"https:\/\/agora.xtec.cat\/esc-musica-parets\/wp-json\/wp\/v2\/types\/post"}],"author":[{"embeddable":true,"href":"https:\/\/agora.xtec.cat\/esc-musica-parets\/wp-json\/wp\/v2\/users\/1"}],"replies":[{"embeddable":true,"href":"https:\/\/agora.xtec.cat\/esc-musica-parets\/wp-json\/wp\/v2\/comments?post=2949"}],"version-history":[{"count":2,"href":"https:\/\/agora.xtec.cat\/esc-musica-parets\/wp-json\/wp\/v2\/posts\/2949\/revisions"}],"predecessor-version":[{"id":2952,"href":"https:\/\/agora.xtec.cat\/esc-musica-parets\/wp-json\/wp\/v2\/posts\/2949\/revisions\/2952"}],"wp:featuredmedia":[{"embeddable":true,"href":"https:\/\/agora.xtec.cat\/esc-musica-parets\/wp-json\/wp\/v2\/media\/2950"}],"wp:attachment":[{"href":"https:\/\/agora.xtec.cat\/esc-musica-parets\/wp-json\/wp\/v2\/media?parent=2949"}],"wp:term":[{"taxonomy":"category","embeddable":true,"href":"https:\/\/agora.xtec.cat\/esc-musica-parets\/wp-json\/wp\/v2\/categories?post=2949"},{"taxonomy":"post_tag","embeddable":true,"href":"https:\/\/agora.xtec.cat\/esc-musica-parets\/wp-json\/wp\/v2\/tags?post=2949"}],"curies":[{"name":"wp","href":"https:\/\/api.w.org\/{rel}","templated":true}]}}