{"id":2922,"date":"2022-12-19T18:55:00","date_gmt":"2022-12-19T17:55:00","guid":{"rendered":"https:\/\/agora.xtec.cat\/esc-musica-parets\/?p=2922"},"modified":"2022-12-22T11:33:48","modified_gmt":"2022-12-22T10:33:48","slug":"concert-de-nadal-a-can-rajoler","status":"publish","type":"post","link":"https:\/\/agora.xtec.cat\/esc-musica-parets\/general\/concert-de-nadal-a-can-rajoler\/","title":{"rendered":"CONCERT DE NADAL A CAN RAJOLER"},"content":{"rendered":"<p>El passat dijous 15 de desembre de 2022, va tenir lloc al teatre Can Rajoler el tradicional Concert de Nadal a c\u00e0rrec de les agrupacions instrumentals i vocals de l&#8217;escola. Des de sempre, la prioritat pel conjunt de professors i professores de l&#8217;escola ha estat motivar i potenciar la m\u00fasica en conjunt ja que, la participaci\u00f3 en una agrupaci\u00f3 musical, ja sigui tocant o cantant, significa una viv\u00e8ncia musical molt engrescadora, i veritable ess\u00e8ncia del gaudi per la m\u00fasica.<\/p>\n<p>El quartet de saxos, l&#8217;Orquestra de guitarres, dos Combos Moderns o les corals Infantil, Junior i Adults, van ser les agrupacions encarregades de transmetre aquestes sensacions. Com sempre, les actuacions van estar a un alt nivell i la resposta del p\u00fablic va ser extraordin\u00e0ria. Enhorabona a tots i totes els \/les participants!!!<\/p>\n<p>Podeu veure les fotos del concert clicant <a href=\"https:\/\/www.flickr.com\/photos\/paretsconnecta\/albums\/72177720304502753\">AQUI<\/a><\/p>\n<p style=\"text-align: center;\"><a href=\"https:\/\/agora.xtec.cat\/esc-musica-parets\/wp-content\/uploads\/usu1283\/2022\/12\/221215-concert-de-nadal-emm-52_52566062742_o.jpg\"><img loading=\"lazy\" decoding=\"async\" class=\"alignnone size-large wp-image-2923\" src=\"https:\/\/agora.xtec.cat\/esc-musica-parets\/wp-content\/uploads\/usu1283\/2022\/12\/221215-concert-de-nadal-emm-52_52566062742_o-1024x683.jpg\" alt=\"\" width=\"1024\" height=\"683\" \/><\/a><\/p>\n","protected":false},"excerpt":{"rendered":"<p>El passat dijous 15 de desembre de 2022, va tenir lloc al teatre Can Rajoler el tradicional Concert de Nadal a c\u00e0rrec de les agrupacions instrumentals i vocals de l&#8217;escola. Des de sempre, la prioritat pel conjunt de professors i professores de l&#8217;escola ha estat&hellip;  <a href=\"https:\/\/agora.xtec.cat\/esc-musica-parets\/general\/concert-de-nadal-a-can-rajoler\/\" title=\"Read CONCERT DE NADAL A CAN RAJOLER\">Llegeix m\u00e9s\u00bb<\/a><\/p>\n","protected":false},"author":1,"featured_media":2944,"comment_status":"open","ping_status":"closed","sticky":false,"template":"","format":"standard","meta":{"_bbp_topic_count":0,"_bbp_reply_count":0,"_bbp_total_topic_count":0,"_bbp_total_reply_count":0,"_bbp_voice_count":0,"_bbp_anonymous_reply_count":0,"_bbp_topic_count_hidden":0,"_bbp_reply_count_hidden":0,"_bbp_forum_subforum_count":0,"footnotes":""},"categories":[1,29],"tags":[100,151,150,149,133,77,152],"class_list":["post-2922","post","type-post","status-publish","format-standard","has-post-thumbnail","hentry","category-general","category-portada","tag-audicions","tag-emm-parets","tag-escola-musica","tag-musica","tag-nadal","tag-noticies","tag-professors"],"post_mailing_queue_ids":[],"_links":{"self":[{"href":"https:\/\/agora.xtec.cat\/esc-musica-parets\/wp-json\/wp\/v2\/posts\/2922","targetHints":{"allow":["GET"]}}],"collection":[{"href":"https:\/\/agora.xtec.cat\/esc-musica-parets\/wp-json\/wp\/v2\/posts"}],"about":[{"href":"https:\/\/agora.xtec.cat\/esc-musica-parets\/wp-json\/wp\/v2\/types\/post"}],"author":[{"embeddable":true,"href":"https:\/\/agora.xtec.cat\/esc-musica-parets\/wp-json\/wp\/v2\/users\/1"}],"replies":[{"embeddable":true,"href":"https:\/\/agora.xtec.cat\/esc-musica-parets\/wp-json\/wp\/v2\/comments?post=2922"}],"version-history":[{"count":1,"href":"https:\/\/agora.xtec.cat\/esc-musica-parets\/wp-json\/wp\/v2\/posts\/2922\/revisions"}],"predecessor-version":[{"id":2924,"href":"https:\/\/agora.xtec.cat\/esc-musica-parets\/wp-json\/wp\/v2\/posts\/2922\/revisions\/2924"}],"wp:featuredmedia":[{"embeddable":true,"href":"https:\/\/agora.xtec.cat\/esc-musica-parets\/wp-json\/wp\/v2\/media\/2944"}],"wp:attachment":[{"href":"https:\/\/agora.xtec.cat\/esc-musica-parets\/wp-json\/wp\/v2\/media?parent=2922"}],"wp:term":[{"taxonomy":"category","embeddable":true,"href":"https:\/\/agora.xtec.cat\/esc-musica-parets\/wp-json\/wp\/v2\/categories?post=2922"},{"taxonomy":"post_tag","embeddable":true,"href":"https:\/\/agora.xtec.cat\/esc-musica-parets\/wp-json\/wp\/v2\/tags?post=2922"}],"curies":[{"name":"wp","href":"https:\/\/api.w.org\/{rel}","templated":true}]}}