{"id":2855,"date":"2022-10-19T19:10:00","date_gmt":"2022-10-19T17:10:00","guid":{"rendered":"https:\/\/agora.xtec.cat\/esc-musica-parets\/?p=2855"},"modified":"2022-11-03T19:43:52","modified_gmt":"2022-11-03T18:43:52","slug":"acte-en-commemoracio-del-82e-aniversari-de-lafusellament-de-lluis-companys","status":"publish","type":"post","link":"https:\/\/agora.xtec.cat\/esc-musica-parets\/general\/acte-en-commemoracio-del-82e-aniversari-de-lafusellament-de-lluis-companys\/","title":{"rendered":"Acte en commemoraci\u00f3 del 82\u00e8 aniversari de l&#8217;afusellament de Llu\u00eds Companys"},"content":{"rendered":"<div class=\"brcm-body\">\n<p>Parets del Vall\u00e8s va acollir, el passat 14 d\u2019octubre al parc La Linera, l\u2019acte d\u2019homenatge al president Llu\u00eds Companys amb motiu del 82\u00e8 aniversari del seu afusellament que es commemora el 15 octubre. L\u2019homenatge va ser organitzat conjuntament per l\u2019Ajuntament de Parets del Vall\u00e8s i la Taula de la Mem\u00f2ria Hist\u00f2rica de Parets.<\/p>\n<p>Durant l\u2019acte es van celebrar els parlaments de l\u2019alcalde de Parets del Vall\u00e8s, Francesc Juzgado i de la vicealcaldessa, Casandra Garcia. Per part de l\u2019entitat la Taula de la Mem\u00f2ria Hist\u00f2rica, Albert Blasco va llegir el manifest.<\/p>\n<p>A m\u00e9s, l\u2019homenatge va acollir un recital po\u00e8tic amb la participaci\u00f3 de l\u2019associaci\u00f3 Niu d\u2019Art Po\u00e8tic i una actuaci\u00f3 d\u2019acompanyament musical a c\u00e0rrec de Jordi Azagra, el director de l&#8217;Escola de M\u00fasica de Parets.<\/p>\n<p>Les imatges de <a href=\"https:\/\/www.flickr.com\/photos\/paretsconnecta\/albums\/72177720302940995\">l\u2019acte d\u2019homenatge al president Llu\u00eds Companys es poden veure al perfil de Flickr de l\u2019Ajuntament<\/a> de Parets del Vall\u00e8s.<\/p>\n<p><a href=\"https:\/\/agora.xtec.cat\/esc-musica-parets\/wp-content\/uploads\/usu1283\/2022\/10\/homenatge-lluis-companys-20_52434194870_o.jpg\"><img loading=\"lazy\" decoding=\"async\" class=\"alignnone wp-image-2856\" src=\"https:\/\/agora.xtec.cat\/esc-musica-parets\/wp-content\/uploads\/usu1283\/2022\/10\/homenatge-lluis-companys-20_52434194870_o-1024x683.jpg\" alt=\"\" width=\"618\" height=\"412\" srcset=\"https:\/\/agora.xtec.cat\/esc-musica-parets\/wp-content\/uploads\/usu1283\/2022\/10\/homenatge-lluis-companys-20_52434194870_o-1024x683.jpg 1024w, https:\/\/agora.xtec.cat\/esc-musica-parets\/wp-content\/uploads\/usu1283\/2022\/10\/homenatge-lluis-companys-20_52434194870_o-300x200.jpg 300w, https:\/\/agora.xtec.cat\/esc-musica-parets\/wp-content\/uploads\/usu1283\/2022\/10\/homenatge-lluis-companys-20_52434194870_o-768x512.jpg 768w, https:\/\/agora.xtec.cat\/esc-musica-parets\/wp-content\/uploads\/usu1283\/2022\/10\/homenatge-lluis-companys-20_52434194870_o.jpg 1200w\" sizes=\"auto, (max-width: 618px) 100vw, 618px\" \/><\/a><a href=\"https:\/\/agora.xtec.cat\/esc-musica-parets\/wp-content\/uploads\/usu1283\/2022\/10\/homenatge-lluis-companys-20_52434194870_bis.jpg\"><img loading=\"lazy\" decoding=\"async\" class=\"alignnone size-full wp-image-2858\" src=\"https:\/\/agora.xtec.cat\/esc-musica-parets\/wp-content\/uploads\/usu1283\/2022\/10\/homenatge-lluis-companys-20_52434194870_bis.jpg\" alt=\"\" width=\"721\" height=\"410\" srcset=\"https:\/\/agora.xtec.cat\/esc-musica-parets\/wp-content\/uploads\/usu1283\/2022\/10\/homenatge-lluis-companys-20_52434194870_bis.jpg 721w, https:\/\/agora.xtec.cat\/esc-musica-parets\/wp-content\/uploads\/usu1283\/2022\/10\/homenatge-lluis-companys-20_52434194870_bis-300x171.jpg 300w\" sizes=\"auto, (max-width: 721px) 100vw, 721px\" \/><\/a><\/p>\n<p>&nbsp;<\/p>\n<\/div>\n","protected":false},"excerpt":{"rendered":"<p>Parets del Vall\u00e8s va acollir, el passat 14 d\u2019octubre al parc La Linera, l\u2019acte d\u2019homenatge al president Llu\u00eds Companys amb motiu del 82\u00e8 aniversari del seu afusellament que es commemora el 15 octubre. L\u2019homenatge va ser organitzat conjuntament per l\u2019Ajuntament de Parets del Vall\u00e8s i&hellip;  <a href=\"https:\/\/agora.xtec.cat\/esc-musica-parets\/general\/acte-en-commemoracio-del-82e-aniversari-de-lafusellament-de-lluis-companys\/\" title=\"Read Acte en commemoraci\u00f3 del 82\u00e8 aniversari de l&#8217;afusellament de Llu\u00eds Companys\">Llegeix m\u00e9s\u00bb<\/a><\/p>\n","protected":false},"author":1,"featured_media":2856,"comment_status":"open","ping_status":"closed","sticky":false,"template":"","format":"standard","meta":{"_bbp_topic_count":0,"_bbp_reply_count":0,"_bbp_total_topic_count":0,"_bbp_total_reply_count":0,"_bbp_voice_count":0,"_bbp_anonymous_reply_count":0,"_bbp_topic_count_hidden":0,"_bbp_reply_count_hidden":0,"_bbp_forum_subforum_count":0,"footnotes":""},"categories":[1,29],"tags":[151,150,149,77,152],"class_list":["post-2855","post","type-post","status-publish","format-standard","has-post-thumbnail","hentry","category-general","category-portada","tag-emm-parets","tag-escola-musica","tag-musica","tag-noticies","tag-professors"],"post_mailing_queue_ids":[],"_links":{"self":[{"href":"https:\/\/agora.xtec.cat\/esc-musica-parets\/wp-json\/wp\/v2\/posts\/2855","targetHints":{"allow":["GET"]}}],"collection":[{"href":"https:\/\/agora.xtec.cat\/esc-musica-parets\/wp-json\/wp\/v2\/posts"}],"about":[{"href":"https:\/\/agora.xtec.cat\/esc-musica-parets\/wp-json\/wp\/v2\/types\/post"}],"author":[{"embeddable":true,"href":"https:\/\/agora.xtec.cat\/esc-musica-parets\/wp-json\/wp\/v2\/users\/1"}],"replies":[{"embeddable":true,"href":"https:\/\/agora.xtec.cat\/esc-musica-parets\/wp-json\/wp\/v2\/comments?post=2855"}],"version-history":[{"count":2,"href":"https:\/\/agora.xtec.cat\/esc-musica-parets\/wp-json\/wp\/v2\/posts\/2855\/revisions"}],"predecessor-version":[{"id":2866,"href":"https:\/\/agora.xtec.cat\/esc-musica-parets\/wp-json\/wp\/v2\/posts\/2855\/revisions\/2866"}],"wp:featuredmedia":[{"embeddable":true,"href":"https:\/\/agora.xtec.cat\/esc-musica-parets\/wp-json\/wp\/v2\/media\/2856"}],"wp:attachment":[{"href":"https:\/\/agora.xtec.cat\/esc-musica-parets\/wp-json\/wp\/v2\/media?parent=2855"}],"wp:term":[{"taxonomy":"category","embeddable":true,"href":"https:\/\/agora.xtec.cat\/esc-musica-parets\/wp-json\/wp\/v2\/categories?post=2855"},{"taxonomy":"post_tag","embeddable":true,"href":"https:\/\/agora.xtec.cat\/esc-musica-parets\/wp-json\/wp\/v2\/tags?post=2855"}],"curies":[{"name":"wp","href":"https:\/\/api.w.org\/{rel}","templated":true}]}}