{"id":2823,"date":"2022-06-15T18:56:06","date_gmt":"2022-06-15T16:56:06","guid":{"rendered":"https:\/\/agora.xtec.cat\/esc-musica-parets\/?p=2823"},"modified":"2022-06-15T19:02:29","modified_gmt":"2022-06-15T17:02:29","slug":"concert-de-fi-de-curs-al-teatre-can-rajoler-2","status":"publish","type":"post","link":"https:\/\/agora.xtec.cat\/esc-musica-parets\/general\/concert-de-fi-de-curs-al-teatre-can-rajoler-2\/","title":{"rendered":"Concert de fi de curs al teatre Can Rajoler"},"content":{"rendered":"<p>Despr\u00e9s de les restriccions per la pand\u00e8mia, finalment aquest final de curs 2021-22 hem pogut celebrar un concert de fi de curs sense restriccions i amb totes les formacions, tant instrumentals com vocals, al teatre Can Rajoler. En aquest sentit va resultar un concert emotiu on tots i totes les participants van poder mostrar el millor del seu repertori amb la complicitat dels professors i professores de l&#8217;escola, i on es van poder sentir des d&#8217;un duet de bateria interpretant de manera molt sincronitzada un tema de Police, fins a diferents agrupacions de corda i vent aix\u00ed com les corals de l&#8217;escola. Aquest concert contenia alguna sorpresa com la intervenci\u00f3 d&#8217;In\u00e9s Moraleda, qui va interpretar juntament amb els membres de la coral junior un medley de &#8220;La bella i la b\u00e8stia&#8221;, una pel\u00b7l\u00edcula de Disney a la que ella mateixa va posar veu all\u00e0 l&#8217;any 1992, i la intervenci\u00f3, per finalitzar el concert, de la Macro-Orquestra, qui va interpretar el tema &#8220;1492, la conquesta del parad\u00eds&#8221; de Vangelis, en forma d&#8217;homenatge a aquest compositor per la seva mort el passat mes de maig.<\/p>\n<p>Podeu veure algunes fotos <a href=\"https:\/\/agora.xtec.cat\/esc-musica-parets\/wp-content\/uploads\/usu1283\/2022\/06\/escola-municipal-de-musica-25_52134483677_o.jpg\"><img loading=\"lazy\" decoding=\"async\" class=\"alignnone size-full wp-image-2824\" src=\"https:\/\/agora.xtec.cat\/esc-musica-parets\/wp-content\/uploads\/usu1283\/2022\/06\/escola-municipal-de-musica-25_52134483677_o.jpg\" alt=\"\" width=\"900\" height=\"600\" srcset=\"https:\/\/agora.xtec.cat\/esc-musica-parets\/wp-content\/uploads\/usu1283\/2022\/06\/escola-municipal-de-musica-25_52134483677_o.jpg 900w, https:\/\/agora.xtec.cat\/esc-musica-parets\/wp-content\/uploads\/usu1283\/2022\/06\/escola-municipal-de-musica-25_52134483677_o-300x200.jpg 300w, https:\/\/agora.xtec.cat\/esc-musica-parets\/wp-content\/uploads\/usu1283\/2022\/06\/escola-municipal-de-musica-25_52134483677_o-768x512.jpg 768w\" sizes=\"auto, (max-width: 900px) 100vw, 900px\" \/><\/a><\/p>\n","protected":false},"excerpt":{"rendered":"<p>Despr\u00e9s de les restriccions per la pand\u00e8mia, finalment aquest final de curs 2021-22 hem pogut celebrar un concert de fi de curs sense restriccions i amb totes les formacions, tant instrumentals com vocals, al teatre Can Rajoler. En aquest sentit va resultar un concert emotiu&hellip;  <a href=\"https:\/\/agora.xtec.cat\/esc-musica-parets\/general\/concert-de-fi-de-curs-al-teatre-can-rajoler-2\/\" title=\"Read Concert de fi de curs al teatre Can Rajoler\">Llegeix m\u00e9s\u00bb<\/a><\/p>\n","protected":false},"author":1,"featured_media":2826,"comment_status":"open","ping_status":"closed","sticky":false,"template":"","format":"standard","meta":{"_bbp_topic_count":0,"_bbp_reply_count":0,"_bbp_total_topic_count":0,"_bbp_total_reply_count":0,"_bbp_voice_count":0,"_bbp_anonymous_reply_count":0,"_bbp_topic_count_hidden":0,"_bbp_reply_count_hidden":0,"_bbp_forum_subforum_count":0,"footnotes":""},"categories":[1,29],"tags":[100,80,83,151,150,168,149,77,152],"class_list":["post-2823","post","type-post","status-publish","format-standard","has-post-thumbnail","hentry","category-general","category-portada","tag-audicions","tag-concert-fi-de-curs","tag-corals","tag-emm-parets","tag-escola-musica","tag-macro-orquestra","tag-musica","tag-noticies","tag-professors"],"post_mailing_queue_ids":[],"_links":{"self":[{"href":"https:\/\/agora.xtec.cat\/esc-musica-parets\/wp-json\/wp\/v2\/posts\/2823","targetHints":{"allow":["GET"]}}],"collection":[{"href":"https:\/\/agora.xtec.cat\/esc-musica-parets\/wp-json\/wp\/v2\/posts"}],"about":[{"href":"https:\/\/agora.xtec.cat\/esc-musica-parets\/wp-json\/wp\/v2\/types\/post"}],"author":[{"embeddable":true,"href":"https:\/\/agora.xtec.cat\/esc-musica-parets\/wp-json\/wp\/v2\/users\/1"}],"replies":[{"embeddable":true,"href":"https:\/\/agora.xtec.cat\/esc-musica-parets\/wp-json\/wp\/v2\/comments?post=2823"}],"version-history":[{"count":1,"href":"https:\/\/agora.xtec.cat\/esc-musica-parets\/wp-json\/wp\/v2\/posts\/2823\/revisions"}],"predecessor-version":[{"id":2825,"href":"https:\/\/agora.xtec.cat\/esc-musica-parets\/wp-json\/wp\/v2\/posts\/2823\/revisions\/2825"}],"wp:featuredmedia":[{"embeddable":true,"href":"https:\/\/agora.xtec.cat\/esc-musica-parets\/wp-json\/wp\/v2\/media\/2826"}],"wp:attachment":[{"href":"https:\/\/agora.xtec.cat\/esc-musica-parets\/wp-json\/wp\/v2\/media?parent=2823"}],"wp:term":[{"taxonomy":"category","embeddable":true,"href":"https:\/\/agora.xtec.cat\/esc-musica-parets\/wp-json\/wp\/v2\/categories?post=2823"},{"taxonomy":"post_tag","embeddable":true,"href":"https:\/\/agora.xtec.cat\/esc-musica-parets\/wp-json\/wp\/v2\/tags?post=2823"}],"curies":[{"name":"wp","href":"https:\/\/api.w.org\/{rel}","templated":true}]}}