{"id":2812,"date":"2022-06-15T18:40:28","date_gmt":"2022-06-15T16:40:28","guid":{"rendered":"https:\/\/agora.xtec.cat\/esc-musica-parets\/?p=2812"},"modified":"2022-06-15T18:45:46","modified_gmt":"2022-06-15T16:45:46","slug":"gala-parets-contra-el-cancer-2022","status":"publish","type":"post","link":"https:\/\/agora.xtec.cat\/esc-musica-parets\/general\/gala-parets-contra-el-cancer-2022\/","title":{"rendered":"Gala &#8220;Parets contra el c\u00e0ncer&#8221; 2022"},"content":{"rendered":"<p>Un any m\u00e9s, l&#8217;escola municipal de m\u00fasica col\u00b7labora en la gala &#8220;Parets contra el c\u00e0ncer&#8221; organitzat per l&#8217;entitat que porta el mateix nom i que, any rera any, organitza una gala per recaptar fons per a l&#8217;associaci\u00f3. Enguany els representants de la nostra escola va ser la coral d&#8217;adults dirigits per la Montse Navarro. Com sempre, van fer una gran actuaci\u00f3 interpretant alguns dels temes del seu repertori.<\/p>\n<p>Podeu veure les fotos de la gala <a href=\"https:\/\/www.flickr.com\/photos\/paretsconnecta\/albums\/72177720299366301\/with\/52109426936\/\"><strong>AQU\u00cd<\/strong><\/a><\/p>\n<p><a href=\"https:\/\/agora.xtec.cat\/esc-musica-parets\/wp-content\/uploads\/usu1283\/2022\/06\/11a-gala-de-parets-contra-el-cncer-65_52109934510_o.jpg\"><img loading=\"lazy\" decoding=\"async\" class=\"alignnone size-large wp-image-2821\" src=\"https:\/\/agora.xtec.cat\/esc-musica-parets\/wp-content\/uploads\/usu1283\/2022\/06\/11a-gala-de-parets-contra-el-cncer-65_52109934510_o-1024x683.jpg\" alt=\"\" width=\"1024\" height=\"683\" srcset=\"https:\/\/agora.xtec.cat\/esc-musica-parets\/wp-content\/uploads\/usu1283\/2022\/06\/11a-gala-de-parets-contra-el-cncer-65_52109934510_o-1024x683.jpg 1024w, https:\/\/agora.xtec.cat\/esc-musica-parets\/wp-content\/uploads\/usu1283\/2022\/06\/11a-gala-de-parets-contra-el-cncer-65_52109934510_o-300x200.jpg 300w, https:\/\/agora.xtec.cat\/esc-musica-parets\/wp-content\/uploads\/usu1283\/2022\/06\/11a-gala-de-parets-contra-el-cncer-65_52109934510_o-768x512.jpg 768w, https:\/\/agora.xtec.cat\/esc-musica-parets\/wp-content\/uploads\/usu1283\/2022\/06\/11a-gala-de-parets-contra-el-cncer-65_52109934510_o.jpg 1500w\" sizes=\"auto, (max-width: 1024px) 100vw, 1024px\" \/><\/a><\/p>\n","protected":false},"excerpt":{"rendered":"<p>Un any m\u00e9s, l&#8217;escola municipal de m\u00fasica col\u00b7labora en la gala &#8220;Parets contra el c\u00e0ncer&#8221; organitzat per l&#8217;entitat que porta el mateix nom i que, any rera any, organitza una gala per recaptar fons per a l&#8217;associaci\u00f3. Enguany els representants de la nostra escola va&hellip;  <a href=\"https:\/\/agora.xtec.cat\/esc-musica-parets\/general\/gala-parets-contra-el-cancer-2022\/\" title=\"Read Gala &#8220;Parets contra el c\u00e0ncer&#8221; 2022\">Llegeix m\u00e9s\u00bb<\/a><\/p>\n","protected":false},"author":1,"featured_media":2814,"comment_status":"open","ping_status":"closed","sticky":false,"template":"","format":"standard","meta":{"_bbp_topic_count":0,"_bbp_reply_count":0,"_bbp_total_topic_count":0,"_bbp_total_reply_count":0,"_bbp_voice_count":0,"_bbp_anonymous_reply_count":0,"_bbp_topic_count_hidden":0,"_bbp_reply_count_hidden":0,"_bbp_forum_subforum_count":0,"footnotes":""},"categories":[1,29],"tags":[83,151,150,138,77],"class_list":["post-2812","post","type-post","status-publish","format-standard","has-post-thumbnail","hentry","category-general","category-portada","tag-corals","tag-emm-parets","tag-escola-musica","tag-cancer","tag-noticies"],"post_mailing_queue_ids":[],"_links":{"self":[{"href":"https:\/\/agora.xtec.cat\/esc-musica-parets\/wp-json\/wp\/v2\/posts\/2812","targetHints":{"allow":["GET"]}}],"collection":[{"href":"https:\/\/agora.xtec.cat\/esc-musica-parets\/wp-json\/wp\/v2\/posts"}],"about":[{"href":"https:\/\/agora.xtec.cat\/esc-musica-parets\/wp-json\/wp\/v2\/types\/post"}],"author":[{"embeddable":true,"href":"https:\/\/agora.xtec.cat\/esc-musica-parets\/wp-json\/wp\/v2\/users\/1"}],"replies":[{"embeddable":true,"href":"https:\/\/agora.xtec.cat\/esc-musica-parets\/wp-json\/wp\/v2\/comments?post=2812"}],"version-history":[{"count":2,"href":"https:\/\/agora.xtec.cat\/esc-musica-parets\/wp-json\/wp\/v2\/posts\/2812\/revisions"}],"predecessor-version":[{"id":2822,"href":"https:\/\/agora.xtec.cat\/esc-musica-parets\/wp-json\/wp\/v2\/posts\/2812\/revisions\/2822"}],"wp:featuredmedia":[{"embeddable":true,"href":"https:\/\/agora.xtec.cat\/esc-musica-parets\/wp-json\/wp\/v2\/media\/2814"}],"wp:attachment":[{"href":"https:\/\/agora.xtec.cat\/esc-musica-parets\/wp-json\/wp\/v2\/media?parent=2812"}],"wp:term":[{"taxonomy":"category","embeddable":true,"href":"https:\/\/agora.xtec.cat\/esc-musica-parets\/wp-json\/wp\/v2\/categories?post=2812"},{"taxonomy":"post_tag","embeddable":true,"href":"https:\/\/agora.xtec.cat\/esc-musica-parets\/wp-json\/wp\/v2\/tags?post=2812"}],"curies":[{"name":"wp","href":"https:\/\/api.w.org\/{rel}","templated":true}]}}