{"id":2777,"date":"2022-04-21T20:15:23","date_gmt":"2022-04-21T18:15:23","guid":{"rendered":"https:\/\/agora.xtec.cat\/esc-musica-parets\/?p=2777"},"modified":"2022-04-21T20:16:26","modified_gmt":"2022-04-21T18:16:26","slug":"acte-en-homenatge-a-la-segona-republica","status":"publish","type":"post","link":"https:\/\/agora.xtec.cat\/esc-musica-parets\/general\/acte-en-homenatge-a-la-segona-republica\/","title":{"rendered":"Acte en homenatge a la Segona Rep\u00fablica"},"content":{"rendered":"<p>En homenatge al 91\u00e8 aniversari de la Segona Rep\u00fablica, l&#8217;Ajuntament de Parets del Vall\u00e8s va organitzar el pasat divendres 8 d&#8217;abril, un acte al parc la Linera, davant de l&#8217;escultura en homenatge als caiguts a la guerra civil, en el que varen participar diferents entitats del poble com el Niu d&#8217;art o la Taula de la mem\u00f2ria hist\u00f2rica, aix\u00ed com parlaments a c\u00e0rrec de Casandra Garcia, vicealcaldessa, i Francesc Juzgado, alcalde de Parets del Vall\u00e8s.<\/p>\n<p>L&#8217;acte va estar amenitzat amb les intervencions musicals d&#8217;Ernesto Brice\u00f1o, director del CEM Maria Grever, al viol\u00ed, i de Jordi Azagra, director de l&#8217;escola municipal de m\u00fasica, al piano, Ambd\u00f3s van interpretar can\u00e7ons populars de la guerra civil com &#8220;el quinto regimiento&#8221;, &#8220;no nos moveran&#8221; o l&#8221;Himne de Riego&#8221;<\/p>\n<p><a href=\"https:\/\/agora.xtec.cat\/esc-musica-parets\/wp-content\/uploads\/usu1283\/2022\/04\/91-aniversari-ii-republica-72_51997467405_o.jpg\"><img loading=\"lazy\" decoding=\"async\" class=\"alignnone size-full wp-image-2778\" src=\"https:\/\/agora.xtec.cat\/esc-musica-parets\/wp-content\/uploads\/usu1283\/2022\/04\/91-aniversari-ii-republica-72_51997467405_o.jpg\" alt=\"\" width=\"900\" height=\"600\" srcset=\"https:\/\/agora.xtec.cat\/esc-musica-parets\/wp-content\/uploads\/usu1283\/2022\/04\/91-aniversari-ii-republica-72_51997467405_o.jpg 900w, https:\/\/agora.xtec.cat\/esc-musica-parets\/wp-content\/uploads\/usu1283\/2022\/04\/91-aniversari-ii-republica-72_51997467405_o-300x200.jpg 300w, https:\/\/agora.xtec.cat\/esc-musica-parets\/wp-content\/uploads\/usu1283\/2022\/04\/91-aniversari-ii-republica-72_51997467405_o-768x512.jpg 768w\" sizes=\"auto, (max-width: 900px) 100vw, 900px\" \/><\/a><\/p>\n","protected":false},"excerpt":{"rendered":"<p>En homenatge al 91\u00e8 aniversari de la Segona Rep\u00fablica, l&#8217;Ajuntament de Parets del Vall\u00e8s va organitzar el pasat divendres 8 d&#8217;abril, un acte al parc la Linera, davant de l&#8217;escultura en homenatge als caiguts a la guerra civil, en el que varen participar diferents entitats&hellip;  <a href=\"https:\/\/agora.xtec.cat\/esc-musica-parets\/general\/acte-en-homenatge-a-la-segona-republica\/\" title=\"Read Acte en homenatge a la Segona Rep\u00fablica\">Llegeix m\u00e9s\u00bb<\/a><\/p>\n","protected":false},"author":1,"featured_media":2779,"comment_status":"open","ping_status":"closed","sticky":false,"template":"","format":"standard","meta":{"_bbp_topic_count":0,"_bbp_reply_count":0,"_bbp_total_topic_count":0,"_bbp_total_reply_count":0,"_bbp_voice_count":0,"_bbp_anonymous_reply_count":0,"_bbp_topic_count_hidden":0,"_bbp_reply_count_hidden":0,"_bbp_forum_subforum_count":0,"footnotes":""},"categories":[1,29],"tags":[151,150,77,152],"class_list":["post-2777","post","type-post","status-publish","format-standard","has-post-thumbnail","hentry","category-general","category-portada","tag-emm-parets","tag-escola-musica","tag-noticies","tag-professors"],"post_mailing_queue_ids":[],"_links":{"self":[{"href":"https:\/\/agora.xtec.cat\/esc-musica-parets\/wp-json\/wp\/v2\/posts\/2777","targetHints":{"allow":["GET"]}}],"collection":[{"href":"https:\/\/agora.xtec.cat\/esc-musica-parets\/wp-json\/wp\/v2\/posts"}],"about":[{"href":"https:\/\/agora.xtec.cat\/esc-musica-parets\/wp-json\/wp\/v2\/types\/post"}],"author":[{"embeddable":true,"href":"https:\/\/agora.xtec.cat\/esc-musica-parets\/wp-json\/wp\/v2\/users\/1"}],"replies":[{"embeddable":true,"href":"https:\/\/agora.xtec.cat\/esc-musica-parets\/wp-json\/wp\/v2\/comments?post=2777"}],"version-history":[{"count":2,"href":"https:\/\/agora.xtec.cat\/esc-musica-parets\/wp-json\/wp\/v2\/posts\/2777\/revisions"}],"predecessor-version":[{"id":2781,"href":"https:\/\/agora.xtec.cat\/esc-musica-parets\/wp-json\/wp\/v2\/posts\/2777\/revisions\/2781"}],"wp:featuredmedia":[{"embeddable":true,"href":"https:\/\/agora.xtec.cat\/esc-musica-parets\/wp-json\/wp\/v2\/media\/2779"}],"wp:attachment":[{"href":"https:\/\/agora.xtec.cat\/esc-musica-parets\/wp-json\/wp\/v2\/media?parent=2777"}],"wp:term":[{"taxonomy":"category","embeddable":true,"href":"https:\/\/agora.xtec.cat\/esc-musica-parets\/wp-json\/wp\/v2\/categories?post=2777"},{"taxonomy":"post_tag","embeddable":true,"href":"https:\/\/agora.xtec.cat\/esc-musica-parets\/wp-json\/wp\/v2\/tags?post=2777"}],"curies":[{"name":"wp","href":"https:\/\/api.w.org\/{rel}","templated":true}]}}