{"id":2772,"date":"2022-04-21T20:04:06","date_gmt":"2022-04-21T18:04:06","guid":{"rendered":"https:\/\/agora.xtec.cat\/esc-musica-parets\/?p=2772"},"modified":"2022-04-21T20:06:12","modified_gmt":"2022-04-21T18:06:12","slug":"canta-parets-bis","status":"publish","type":"post","link":"https:\/\/agora.xtec.cat\/esc-musica-parets\/general\/canta-parets-bis\/","title":{"rendered":"CANTA Parets! BIS!!!!"},"content":{"rendered":"<p>A causa del confinament de diferents classes dels grups de P5 al gener, tres escoles del municipi no varen poder participar de l&#8217;esdeveniment CANTA Parets! que es du a terme al pavell\u00f3 d&#8217;esports coincidint amb la Festa Major d&#8217;Hivern. Tot i que es va tirar endavant el projecte al gener, ja que estava tot preparat per fer el concert, des de l&#8217;Ajuntament de Parets del Vall\u00e8s es va proposar fer una segona sessi\u00f3 quan la situaci\u00f3 estigu\u00e9s en millors condicions i aquestes escoles poguessin participar tamb\u00e9.<\/p>\n<p>El passat 1 d&#8217;abril, es va poder celebrar la segona part d&#8217;aquest fant\u00e0stic concert amb les escoles que no ho van poder fer al gener i va ser al teatre Can Rajoler. All\u00e0, les fam\u00edlies dels petits i petites de 5 anys, van poder escoltar la cantata &#8220;El m\u00f3n seria&#8221; a c\u00e0rrec de les escoles Llu\u00eds Piquer, ACESCO i Vila Parietes, amb l&#8217;acompanyament musical de professors i alumnes de l&#8217;escola municipal de m\u00fasica.<\/p>\n<p>Podeu veure totes les fotos <a href=\"https:\/\/www.flickr.com\/photos\/paretsconnecta\/albums\/72177720297846231\">AQU\u00cd<\/a><\/p>\n<p><a href=\"https:\/\/agora.xtec.cat\/esc-musica-parets\/wp-content\/uploads\/usu1283\/2022\/04\/segona-edici-canta-parets-46_51981763574_o.jpg\"><img loading=\"lazy\" decoding=\"async\" class=\"alignnone size-full wp-image-2773\" src=\"https:\/\/agora.xtec.cat\/esc-musica-parets\/wp-content\/uploads\/usu1283\/2022\/04\/segona-edici-canta-parets-46_51981763574_o.jpg\" alt=\"\" width=\"900\" height=\"600\" srcset=\"https:\/\/agora.xtec.cat\/esc-musica-parets\/wp-content\/uploads\/usu1283\/2022\/04\/segona-edici-canta-parets-46_51981763574_o.jpg 900w, https:\/\/agora.xtec.cat\/esc-musica-parets\/wp-content\/uploads\/usu1283\/2022\/04\/segona-edici-canta-parets-46_51981763574_o-300x200.jpg 300w, https:\/\/agora.xtec.cat\/esc-musica-parets\/wp-content\/uploads\/usu1283\/2022\/04\/segona-edici-canta-parets-46_51981763574_o-768x512.jpg 768w\" sizes=\"auto, (max-width: 900px) 100vw, 900px\" \/><\/a><\/p>\n","protected":false},"excerpt":{"rendered":"<p>A causa del confinament de diferents classes dels grups de P5 al gener, tres escoles del municipi no varen poder participar de l&#8217;esdeveniment CANTA Parets! que es du a terme al pavell\u00f3 d&#8217;esports coincidint amb la Festa Major d&#8217;Hivern. Tot i que es va tirar&hellip;  <a href=\"https:\/\/agora.xtec.cat\/esc-musica-parets\/general\/canta-parets-bis\/\" title=\"Read CANTA Parets! BIS!!!!\">Llegeix m\u00e9s\u00bb<\/a><\/p>\n","protected":false},"author":1,"featured_media":2771,"comment_status":"open","ping_status":"closed","sticky":false,"template":"","format":"standard","meta":{"_bbp_topic_count":0,"_bbp_reply_count":0,"_bbp_total_topic_count":0,"_bbp_total_reply_count":0,"_bbp_voice_count":0,"_bbp_anonymous_reply_count":0,"_bbp_topic_count_hidden":0,"_bbp_reply_count_hidden":0,"_bbp_forum_subforum_count":0,"footnotes":""},"categories":[1,29],"tags":[141,131,151,150,149,77],"class_list":["post-2772","post","type-post","status-publish","format-standard","has-post-thumbnail","hentry","category-general","category-portada","tag-audicions-escolars","tag-canta-parets","tag-emm-parets","tag-escola-musica","tag-musica","tag-noticies"],"post_mailing_queue_ids":[],"_links":{"self":[{"href":"https:\/\/agora.xtec.cat\/esc-musica-parets\/wp-json\/wp\/v2\/posts\/2772","targetHints":{"allow":["GET"]}}],"collection":[{"href":"https:\/\/agora.xtec.cat\/esc-musica-parets\/wp-json\/wp\/v2\/posts"}],"about":[{"href":"https:\/\/agora.xtec.cat\/esc-musica-parets\/wp-json\/wp\/v2\/types\/post"}],"author":[{"embeddable":true,"href":"https:\/\/agora.xtec.cat\/esc-musica-parets\/wp-json\/wp\/v2\/users\/1"}],"replies":[{"embeddable":true,"href":"https:\/\/agora.xtec.cat\/esc-musica-parets\/wp-json\/wp\/v2\/comments?post=2772"}],"version-history":[{"count":3,"href":"https:\/\/agora.xtec.cat\/esc-musica-parets\/wp-json\/wp\/v2\/posts\/2772\/revisions"}],"predecessor-version":[{"id":2776,"href":"https:\/\/agora.xtec.cat\/esc-musica-parets\/wp-json\/wp\/v2\/posts\/2772\/revisions\/2776"}],"wp:featuredmedia":[{"embeddable":true,"href":"https:\/\/agora.xtec.cat\/esc-musica-parets\/wp-json\/wp\/v2\/media\/2771"}],"wp:attachment":[{"href":"https:\/\/agora.xtec.cat\/esc-musica-parets\/wp-json\/wp\/v2\/media?parent=2772"}],"wp:term":[{"taxonomy":"category","embeddable":true,"href":"https:\/\/agora.xtec.cat\/esc-musica-parets\/wp-json\/wp\/v2\/categories?post=2772"},{"taxonomy":"post_tag","embeddable":true,"href":"https:\/\/agora.xtec.cat\/esc-musica-parets\/wp-json\/wp\/v2\/tags?post=2772"}],"curies":[{"name":"wp","href":"https:\/\/api.w.org\/{rel}","templated":true}]}}