{"id":2757,"date":"2022-02-01T20:11:02","date_gmt":"2022-02-01T19:11:02","guid":{"rendered":"https:\/\/agora.xtec.cat\/esc-musica-parets\/?p=2757"},"modified":"2022-02-01T20:13:01","modified_gmt":"2022-02-01T19:13:01","slug":"concert-de-nadal-al-teatre-can-rajoler-3","status":"publish","type":"post","link":"https:\/\/agora.xtec.cat\/esc-musica-parets\/general\/concert-de-nadal-al-teatre-can-rajoler-3\/","title":{"rendered":"Concert de Nadal al teatre Can Rajoler"},"content":{"rendered":"<p>El dijous 9 de desembre va tenir lloc al teatre Can Rajoler el tradicional Concert de Nadal que cada any ofereix l&#8217;escola municipal de m\u00fasica. Despr\u00e9s de dos anys sense poder trepitjar l&#8217;escenari d&#8217;aquest fant\u00e0stic teatre a causa de la pand\u00e8mia, per fi les agrupacions instrumentals i vocal del centre van poder interpretar els seus repertoris, amb una aflu\u00e8ncia de p\u00fablic important donat que s&#8217;han aixecat les restriccions. Ha estat una vetllada emotiva on ens hem pogut retrobar amb les fam\u00edlies despr\u00e9s d&#8217;aquest llarg par\u00e8ntesi. Com sempre, les actuacions van estar fant\u00e0stiques!!!<\/p>\n<p>Podeu veure m\u00e9s fotos clicant <a href=\"https:\/\/www.flickr.com\/photos\/paretsconnecta\/albums\/72157720233191237\">AQUI<\/a><\/p>\n<p><a href=\"https:\/\/agora.xtec.cat\/esc-musica-parets\/wp-content\/uploads\/usu1283\/2022\/02\/concert-de-nadal-escola-de-msica-12_51736329362_o.jpg\"><img loading=\"lazy\" decoding=\"async\" class=\"alignnone size-full wp-image-2758\" src=\"https:\/\/agora.xtec.cat\/esc-musica-parets\/wp-content\/uploads\/usu1283\/2022\/02\/concert-de-nadal-escola-de-msica-12_51736329362_o.jpg\" alt=\"\" width=\"900\" height=\"600\" srcset=\"https:\/\/agora.xtec.cat\/esc-musica-parets\/wp-content\/uploads\/usu1283\/2022\/02\/concert-de-nadal-escola-de-msica-12_51736329362_o.jpg 900w, https:\/\/agora.xtec.cat\/esc-musica-parets\/wp-content\/uploads\/usu1283\/2022\/02\/concert-de-nadal-escola-de-msica-12_51736329362_o-300x200.jpg 300w, https:\/\/agora.xtec.cat\/esc-musica-parets\/wp-content\/uploads\/usu1283\/2022\/02\/concert-de-nadal-escola-de-msica-12_51736329362_o-768x512.jpg 768w\" sizes=\"auto, (max-width: 900px) 100vw, 900px\" \/><\/a><\/p>\n","protected":false},"excerpt":{"rendered":"<p>El dijous 9 de desembre va tenir lloc al teatre Can Rajoler el tradicional Concert de Nadal que cada any ofereix l&#8217;escola municipal de m\u00fasica. Despr\u00e9s de dos anys sense poder trepitjar l&#8217;escenari d&#8217;aquest fant\u00e0stic teatre a causa de la pand\u00e8mia, per fi les agrupacions&hellip;  <a href=\"https:\/\/agora.xtec.cat\/esc-musica-parets\/general\/concert-de-nadal-al-teatre-can-rajoler-3\/\" title=\"Read Concert de Nadal al teatre Can Rajoler\">Llegeix m\u00e9s\u00bb<\/a><\/p>\n","protected":false},"author":1,"featured_media":2758,"comment_status":"open","ping_status":"closed","sticky":false,"template":"","format":"standard","meta":{"_bbp_topic_count":0,"_bbp_reply_count":0,"_bbp_total_topic_count":0,"_bbp_total_reply_count":0,"_bbp_voice_count":0,"_bbp_anonymous_reply_count":0,"_bbp_topic_count_hidden":0,"_bbp_reply_count_hidden":0,"_bbp_forum_subforum_count":0,"footnotes":""},"categories":[1,29],"tags":[100,151,150,133,77,152],"class_list":["post-2757","post","type-post","status-publish","format-standard","has-post-thumbnail","hentry","category-general","category-portada","tag-audicions","tag-emm-parets","tag-escola-musica","tag-nadal","tag-noticies","tag-professors"],"post_mailing_queue_ids":[],"_links":{"self":[{"href":"https:\/\/agora.xtec.cat\/esc-musica-parets\/wp-json\/wp\/v2\/posts\/2757","targetHints":{"allow":["GET"]}}],"collection":[{"href":"https:\/\/agora.xtec.cat\/esc-musica-parets\/wp-json\/wp\/v2\/posts"}],"about":[{"href":"https:\/\/agora.xtec.cat\/esc-musica-parets\/wp-json\/wp\/v2\/types\/post"}],"author":[{"embeddable":true,"href":"https:\/\/agora.xtec.cat\/esc-musica-parets\/wp-json\/wp\/v2\/users\/1"}],"replies":[{"embeddable":true,"href":"https:\/\/agora.xtec.cat\/esc-musica-parets\/wp-json\/wp\/v2\/comments?post=2757"}],"version-history":[{"count":2,"href":"https:\/\/agora.xtec.cat\/esc-musica-parets\/wp-json\/wp\/v2\/posts\/2757\/revisions"}],"predecessor-version":[{"id":2760,"href":"https:\/\/agora.xtec.cat\/esc-musica-parets\/wp-json\/wp\/v2\/posts\/2757\/revisions\/2760"}],"wp:featuredmedia":[{"embeddable":true,"href":"https:\/\/agora.xtec.cat\/esc-musica-parets\/wp-json\/wp\/v2\/media\/2758"}],"wp:attachment":[{"href":"https:\/\/agora.xtec.cat\/esc-musica-parets\/wp-json\/wp\/v2\/media?parent=2757"}],"wp:term":[{"taxonomy":"category","embeddable":true,"href":"https:\/\/agora.xtec.cat\/esc-musica-parets\/wp-json\/wp\/v2\/categories?post=2757"},{"taxonomy":"post_tag","embeddable":true,"href":"https:\/\/agora.xtec.cat\/esc-musica-parets\/wp-json\/wp\/v2\/tags?post=2757"}],"curies":[{"name":"wp","href":"https:\/\/api.w.org\/{rel}","templated":true}]}}