{"id":2744,"date":"2021-12-01T19:38:46","date_gmt":"2021-12-01T18:38:46","guid":{"rendered":"https:\/\/agora.xtec.cat\/esc-musica-parets\/?p=2744"},"modified":"2021-12-01T19:40:06","modified_gmt":"2021-12-01T18:40:06","slug":"participacio-dels-combos-moderns-de-lescola-a-lacte-dencesa-de-llums-de-nadal","status":"publish","type":"post","link":"https:\/\/agora.xtec.cat\/esc-musica-parets\/general\/participacio-dels-combos-moderns-de-lescola-a-lacte-dencesa-de-llums-de-nadal\/","title":{"rendered":"Participaci\u00f3 dels Combos Moderns de l&#8217;escola municipal de m\u00fasica a l&#8217;acte d&#8217;encesa de les llums de Nadal"},"content":{"rendered":"<p>El tret de sortida de les festes nadalenques d\u2019enguany arriba, com \u00e9s tradici\u00f3, amb l\u2019encesa dels llums de Nadal als carrers de Parets. L\u2019acte d\u2019encesa va tenir lloc el passat divendres 26 de novembre, a les 19 h, des del Parc del Sot d\u2019en Barriques, on s&#8217;ha instal\u00b7lat el gran arbre de Nadal. Com a novetat, aquest any l\u2019acte d\u2019encesa va anar acompanyat d\u2019un concert musical a c\u00e0rrec de Paco Heredia, i on van participar tamb\u00e9 els dos combos moderns de l\u2019Escola Municipal de M\u00fasica, dirigits pel professor de guitarra Yago Pajar\u00f3n, i un combo del CEM Mar\u00eda Grever.<\/p>\n<p><a href=\"https:\/\/agora.xtec.cat\/esc-musica-parets\/wp-content\/uploads\/usu1283\/2021\/12\/IMG_20211126_192040_2-scaled.jpg\"><img loading=\"lazy\" decoding=\"async\" class=\"alignnone size-large wp-image-2745\" src=\"https:\/\/agora.xtec.cat\/esc-musica-parets\/wp-content\/uploads\/usu1283\/2021\/12\/IMG_20211126_192040_2-1024x512.jpg\" alt=\"\" width=\"1024\" height=\"512\" srcset=\"https:\/\/agora.xtec.cat\/esc-musica-parets\/wp-content\/uploads\/usu1283\/2021\/12\/IMG_20211126_192040_2-1024x512.jpg 1024w, https:\/\/agora.xtec.cat\/esc-musica-parets\/wp-content\/uploads\/usu1283\/2021\/12\/IMG_20211126_192040_2-300x150.jpg 300w, https:\/\/agora.xtec.cat\/esc-musica-parets\/wp-content\/uploads\/usu1283\/2021\/12\/IMG_20211126_192040_2-768x384.jpg 768w, https:\/\/agora.xtec.cat\/esc-musica-parets\/wp-content\/uploads\/usu1283\/2021\/12\/IMG_20211126_192040_2-1536x768.jpg 1536w, https:\/\/agora.xtec.cat\/esc-musica-parets\/wp-content\/uploads\/usu1283\/2021\/12\/IMG_20211126_192040_2-2048x1024.jpg 2048w\" sizes=\"auto, (max-width: 1024px) 100vw, 1024px\" \/><\/a> <a href=\"https:\/\/agora.xtec.cat\/esc-musica-parets\/wp-content\/uploads\/usu1283\/2021\/12\/IMG_20211126_192828_BURST001_COVER_2-scaled.jpg\"><img loading=\"lazy\" decoding=\"async\" class=\"alignnone size-large wp-image-2746\" src=\"https:\/\/agora.xtec.cat\/esc-musica-parets\/wp-content\/uploads\/usu1283\/2021\/12\/IMG_20211126_192828_BURST001_COVER_2-1024x512.jpg\" alt=\"\" width=\"1024\" height=\"512\" srcset=\"https:\/\/agora.xtec.cat\/esc-musica-parets\/wp-content\/uploads\/usu1283\/2021\/12\/IMG_20211126_192828_BURST001_COVER_2-1024x512.jpg 1024w, https:\/\/agora.xtec.cat\/esc-musica-parets\/wp-content\/uploads\/usu1283\/2021\/12\/IMG_20211126_192828_BURST001_COVER_2-300x150.jpg 300w, https:\/\/agora.xtec.cat\/esc-musica-parets\/wp-content\/uploads\/usu1283\/2021\/12\/IMG_20211126_192828_BURST001_COVER_2-768x384.jpg 768w, https:\/\/agora.xtec.cat\/esc-musica-parets\/wp-content\/uploads\/usu1283\/2021\/12\/IMG_20211126_192828_BURST001_COVER_2-1536x768.jpg 1536w, https:\/\/agora.xtec.cat\/esc-musica-parets\/wp-content\/uploads\/usu1283\/2021\/12\/IMG_20211126_192828_BURST001_COVER_2-2048x1024.jpg 2048w\" sizes=\"auto, (max-width: 1024px) 100vw, 1024px\" \/><\/a><\/p>\n","protected":false},"excerpt":{"rendered":"<p>El tret de sortida de les festes nadalenques d\u2019enguany arriba, com \u00e9s tradici\u00f3, amb l\u2019encesa dels llums de Nadal als carrers de Parets. L\u2019acte d\u2019encesa va tenir lloc el passat divendres 26 de novembre, a les 19 h, des del Parc del Sot d\u2019en Barriques,&hellip;  <a href=\"https:\/\/agora.xtec.cat\/esc-musica-parets\/general\/participacio-dels-combos-moderns-de-lescola-a-lacte-dencesa-de-llums-de-nadal\/\" title=\"Read Participaci\u00f3 dels Combos Moderns de l&#8217;escola municipal de m\u00fasica a l&#8217;acte d&#8217;encesa de les llums de Nadal\">Llegeix m\u00e9s\u00bb<\/a><\/p>\n","protected":false},"author":1,"featured_media":2745,"comment_status":"open","ping_status":"closed","sticky":false,"template":"","format":"standard","meta":{"_bbp_topic_count":0,"_bbp_reply_count":0,"_bbp_total_topic_count":0,"_bbp_total_reply_count":0,"_bbp_voice_count":0,"_bbp_anonymous_reply_count":0,"_bbp_topic_count_hidden":0,"_bbp_reply_count_hidden":0,"_bbp_forum_subforum_count":0,"footnotes":""},"categories":[1,29],"tags":[181,151,150,149,133,77,152],"class_list":["post-2744","post","type-post","status-publish","format-standard","has-post-thumbnail","hentry","category-general","category-portada","tag-combo-modern","tag-emm-parets","tag-escola-musica","tag-musica","tag-nadal","tag-noticies","tag-professors"],"post_mailing_queue_ids":[],"_links":{"self":[{"href":"https:\/\/agora.xtec.cat\/esc-musica-parets\/wp-json\/wp\/v2\/posts\/2744","targetHints":{"allow":["GET"]}}],"collection":[{"href":"https:\/\/agora.xtec.cat\/esc-musica-parets\/wp-json\/wp\/v2\/posts"}],"about":[{"href":"https:\/\/agora.xtec.cat\/esc-musica-parets\/wp-json\/wp\/v2\/types\/post"}],"author":[{"embeddable":true,"href":"https:\/\/agora.xtec.cat\/esc-musica-parets\/wp-json\/wp\/v2\/users\/1"}],"replies":[{"embeddable":true,"href":"https:\/\/agora.xtec.cat\/esc-musica-parets\/wp-json\/wp\/v2\/comments?post=2744"}],"version-history":[{"count":3,"href":"https:\/\/agora.xtec.cat\/esc-musica-parets\/wp-json\/wp\/v2\/posts\/2744\/revisions"}],"predecessor-version":[{"id":2749,"href":"https:\/\/agora.xtec.cat\/esc-musica-parets\/wp-json\/wp\/v2\/posts\/2744\/revisions\/2749"}],"wp:featuredmedia":[{"embeddable":true,"href":"https:\/\/agora.xtec.cat\/esc-musica-parets\/wp-json\/wp\/v2\/media\/2745"}],"wp:attachment":[{"href":"https:\/\/agora.xtec.cat\/esc-musica-parets\/wp-json\/wp\/v2\/media?parent=2744"}],"wp:term":[{"taxonomy":"category","embeddable":true,"href":"https:\/\/agora.xtec.cat\/esc-musica-parets\/wp-json\/wp\/v2\/categories?post=2744"},{"taxonomy":"post_tag","embeddable":true,"href":"https:\/\/agora.xtec.cat\/esc-musica-parets\/wp-json\/wp\/v2\/tags?post=2744"}],"curies":[{"name":"wp","href":"https:\/\/api.w.org\/{rel}","templated":true}]}}