{"id":2556,"date":"2021-06-18T19:56:06","date_gmt":"2021-06-18T17:56:06","guid":{"rendered":"http:\/\/agora.xtec.cat\/esc-musica-parets\/?p=2556"},"modified":"2021-06-18T20:01:26","modified_gmt":"2021-06-18T18:01:26","slug":"audicions-de-fi-de-curs","status":"publish","type":"post","link":"https:\/\/agora.xtec.cat\/esc-musica-parets\/general\/audicions-de-fi-de-curs\/","title":{"rendered":"Audicions de fi de curs"},"content":{"rendered":"<p>Els dies 14, 16 i 17 de juny han tingut lloc al parc la Linera les Audicions de fi de curs de l&#8217;Escola Municipal de M\u00fasica. Al llarg de les tres sessions s&#8217;han pogut escoltar alumnes de totes les especialitats instrumentals del centre, aix\u00ed com les formacions de conjunts vocals i instrumentals. Aprofitant el magn\u00edfic espai que suposa estar dins del parc La Linera, les audicions es van fer a l&#8217;aire lliure. D&#8217;aquesta manera es posa punt i final a un curs complex, ple d&#8217;entrebancs a causa dels diferents tancaments per la Covid19 i les conseq\u00fcents classes telem\u00e0tiques, per\u00f2 que gr\u00e0cies a la implicaci\u00f3 dels alumnes, la col\u00b7laboraci\u00f3 estreta de les fam\u00edlies i la gran dedicaci\u00f3 de les professores i professors de l&#8217;escola, s&#8217;han pogut aconseguir objectius i tancar el curs amb bons resultats. Enhorabona a tots i totes per la feina feta!!!<\/p>\n\n\t\t<style type=\"text\/css\">\n\t\t\t#gallery-1 {\n\t\t\t\tmargin: auto;\n\t\t\t}\n\t\t\t#gallery-1 .gallery-item {\n\t\t\t\tfloat: left;\n\t\t\t\tmargin-top: 10px;\n\t\t\t\ttext-align: center;\n\t\t\t\twidth: 50%;\n\t\t\t}\n\t\t\t#gallery-1 img {\n\t\t\t\tborder: 2px solid #cfcfcf;\n\t\t\t}\n\t\t\t#gallery-1 .gallery-caption {\n\t\t\t\tmargin-left: 0;\n\t\t\t}\n\t\t\t\/* see gallery_shortcode() in wp-includes\/media.php *\/\n\t\t<\/style>\n\t\t<div id='gallery-1' class='gallery galleryid-2556 gallery-columns-2 gallery-size-full'><dl class='gallery-item'>\n\t\t\t<dt class='gallery-icon landscape'>\n\t\t\t\t<a href='https:\/\/agora.xtec.cat\/esc-musica-parets\/general\/audicions-de-fi-de-curs\/attachment\/img_20210614_194054\/'><img loading=\"lazy\" decoding=\"async\" width=\"4160\" height=\"2080\" src=\"https:\/\/agora.xtec.cat\/esc-musica-parets\/wp-content\/uploads\/usu1283\/2021\/06\/IMG_20210614_194054.jpg\" class=\"attachment-full size-full\" alt=\"\" srcset=\"https:\/\/agora.xtec.cat\/esc-musica-parets\/wp-content\/uploads\/usu1283\/2021\/06\/IMG_20210614_194054.jpg 4160w, https:\/\/agora.xtec.cat\/esc-musica-parets\/wp-content\/uploads\/usu1283\/2021\/06\/IMG_20210614_194054-300x150.jpg 300w, https:\/\/agora.xtec.cat\/esc-musica-parets\/wp-content\/uploads\/usu1283\/2021\/06\/IMG_20210614_194054-768x384.jpg 768w, https:\/\/agora.xtec.cat\/esc-musica-parets\/wp-content\/uploads\/usu1283\/2021\/06\/IMG_20210614_194054-1024x512.jpg 1024w\" sizes=\"auto, (max-width: 4160px) 100vw, 4160px\" \/><\/a>\n\t\t\t<\/dt><\/dl><dl class='gallery-item'>\n\t\t\t<dt class='gallery-icon landscape'>\n\t\t\t\t<a href='https:\/\/agora.xtec.cat\/esc-musica-parets\/general\/audicions-de-fi-de-curs\/attachment\/img_20210614_195250\/'><img loading=\"lazy\" decoding=\"async\" width=\"4160\" height=\"2080\" src=\"https:\/\/agora.xtec.cat\/esc-musica-parets\/wp-content\/uploads\/usu1283\/2021\/06\/IMG_20210614_195250.jpg\" class=\"attachment-full size-full\" alt=\"\" srcset=\"https:\/\/agora.xtec.cat\/esc-musica-parets\/wp-content\/uploads\/usu1283\/2021\/06\/IMG_20210614_195250.jpg 4160w, https:\/\/agora.xtec.cat\/esc-musica-parets\/wp-content\/uploads\/usu1283\/2021\/06\/IMG_20210614_195250-300x150.jpg 300w, https:\/\/agora.xtec.cat\/esc-musica-parets\/wp-content\/uploads\/usu1283\/2021\/06\/IMG_20210614_195250-768x384.jpg 768w, https:\/\/agora.xtec.cat\/esc-musica-parets\/wp-content\/uploads\/usu1283\/2021\/06\/IMG_20210614_195250-1024x512.jpg 1024w\" sizes=\"auto, (max-width: 4160px) 100vw, 4160px\" \/><\/a>\n\t\t\t<\/dt><\/dl><br style=\"clear: both\" \/><dl class='gallery-item'>\n\t\t\t<dt class='gallery-icon landscape'>\n\t\t\t\t<a href='https:\/\/agora.xtec.cat\/esc-musica-parets\/general\/audicions-de-fi-de-curs\/attachment\/img_20210614_203352\/'><img loading=\"lazy\" decoding=\"async\" width=\"4160\" height=\"2080\" src=\"https:\/\/agora.xtec.cat\/esc-musica-parets\/wp-content\/uploads\/usu1283\/2021\/06\/IMG_20210614_203352.jpg\" class=\"attachment-full size-full\" alt=\"\" srcset=\"https:\/\/agora.xtec.cat\/esc-musica-parets\/wp-content\/uploads\/usu1283\/2021\/06\/IMG_20210614_203352.jpg 4160w, https:\/\/agora.xtec.cat\/esc-musica-parets\/wp-content\/uploads\/usu1283\/2021\/06\/IMG_20210614_203352-300x150.jpg 300w, https:\/\/agora.xtec.cat\/esc-musica-parets\/wp-content\/uploads\/usu1283\/2021\/06\/IMG_20210614_203352-768x384.jpg 768w, https:\/\/agora.xtec.cat\/esc-musica-parets\/wp-content\/uploads\/usu1283\/2021\/06\/IMG_20210614_203352-1024x512.jpg 1024w\" sizes=\"auto, (max-width: 4160px) 100vw, 4160px\" \/><\/a>\n\t\t\t<\/dt><\/dl><dl class='gallery-item'>\n\t\t\t<dt class='gallery-icon landscape'>\n\t\t\t\t<a href='https:\/\/agora.xtec.cat\/esc-musica-parets\/general\/audicions-de-fi-de-curs\/attachment\/img_20210614_204432\/'><img loading=\"lazy\" decoding=\"async\" width=\"4160\" height=\"2080\" src=\"https:\/\/agora.xtec.cat\/esc-musica-parets\/wp-content\/uploads\/usu1283\/2021\/06\/IMG_20210614_204432.jpg\" class=\"attachment-full size-full\" alt=\"\" srcset=\"https:\/\/agora.xtec.cat\/esc-musica-parets\/wp-content\/uploads\/usu1283\/2021\/06\/IMG_20210614_204432.jpg 4160w, https:\/\/agora.xtec.cat\/esc-musica-parets\/wp-content\/uploads\/usu1283\/2021\/06\/IMG_20210614_204432-300x150.jpg 300w, https:\/\/agora.xtec.cat\/esc-musica-parets\/wp-content\/uploads\/usu1283\/2021\/06\/IMG_20210614_204432-768x384.jpg 768w, https:\/\/agora.xtec.cat\/esc-musica-parets\/wp-content\/uploads\/usu1283\/2021\/06\/IMG_20210614_204432-1024x512.jpg 1024w\" sizes=\"auto, (max-width: 4160px) 100vw, 4160px\" \/><\/a>\n\t\t\t<\/dt><\/dl><br style=\"clear: both\" \/><dl class='gallery-item'>\n\t\t\t<dt class='gallery-icon landscape'>\n\t\t\t\t<a href='https:\/\/agora.xtec.cat\/esc-musica-parets\/general\/audicions-de-fi-de-curs\/attachment\/img_20210616_195933\/'><img loading=\"lazy\" decoding=\"async\" width=\"4160\" height=\"2080\" src=\"https:\/\/agora.xtec.cat\/esc-musica-parets\/wp-content\/uploads\/usu1283\/2021\/06\/IMG_20210616_195933.jpg\" class=\"attachment-full size-full\" alt=\"\" srcset=\"https:\/\/agora.xtec.cat\/esc-musica-parets\/wp-content\/uploads\/usu1283\/2021\/06\/IMG_20210616_195933.jpg 4160w, https:\/\/agora.xtec.cat\/esc-musica-parets\/wp-content\/uploads\/usu1283\/2021\/06\/IMG_20210616_195933-300x150.jpg 300w, https:\/\/agora.xtec.cat\/esc-musica-parets\/wp-content\/uploads\/usu1283\/2021\/06\/IMG_20210616_195933-768x384.jpg 768w, https:\/\/agora.xtec.cat\/esc-musica-parets\/wp-content\/uploads\/usu1283\/2021\/06\/IMG_20210616_195933-1024x512.jpg 1024w\" sizes=\"auto, (max-width: 4160px) 100vw, 4160px\" \/><\/a>\n\t\t\t<\/dt><\/dl><dl class='gallery-item'>\n\t\t\t<dt class='gallery-icon landscape'>\n\t\t\t\t<a href='https:\/\/agora.xtec.cat\/esc-musica-parets\/general\/audicions-de-fi-de-curs\/attachment\/img_20210616_200758\/'><img loading=\"lazy\" decoding=\"async\" width=\"4160\" height=\"2080\" src=\"https:\/\/agora.xtec.cat\/esc-musica-parets\/wp-content\/uploads\/usu1283\/2021\/06\/IMG_20210616_200758.jpg\" class=\"attachment-full size-full\" alt=\"\" srcset=\"https:\/\/agora.xtec.cat\/esc-musica-parets\/wp-content\/uploads\/usu1283\/2021\/06\/IMG_20210616_200758.jpg 4160w, https:\/\/agora.xtec.cat\/esc-musica-parets\/wp-content\/uploads\/usu1283\/2021\/06\/IMG_20210616_200758-300x150.jpg 300w, https:\/\/agora.xtec.cat\/esc-musica-parets\/wp-content\/uploads\/usu1283\/2021\/06\/IMG_20210616_200758-768x384.jpg 768w, https:\/\/agora.xtec.cat\/esc-musica-parets\/wp-content\/uploads\/usu1283\/2021\/06\/IMG_20210616_200758-1024x512.jpg 1024w\" sizes=\"auto, (max-width: 4160px) 100vw, 4160px\" \/><\/a>\n\t\t\t<\/dt><\/dl><br style=\"clear: both\" \/><dl class='gallery-item'>\n\t\t\t<dt class='gallery-icon landscape'>\n\t\t\t\t<a href='https:\/\/agora.xtec.cat\/esc-musica-parets\/general\/audicions-de-fi-de-curs\/attachment\/img_20210616_202302\/'><img loading=\"lazy\" decoding=\"async\" width=\"4160\" height=\"2080\" src=\"https:\/\/agora.xtec.cat\/esc-musica-parets\/wp-content\/uploads\/usu1283\/2021\/06\/IMG_20210616_202302.jpg\" class=\"attachment-full size-full\" alt=\"\" srcset=\"https:\/\/agora.xtec.cat\/esc-musica-parets\/wp-content\/uploads\/usu1283\/2021\/06\/IMG_20210616_202302.jpg 4160w, https:\/\/agora.xtec.cat\/esc-musica-parets\/wp-content\/uploads\/usu1283\/2021\/06\/IMG_20210616_202302-300x150.jpg 300w, https:\/\/agora.xtec.cat\/esc-musica-parets\/wp-content\/uploads\/usu1283\/2021\/06\/IMG_20210616_202302-768x384.jpg 768w, https:\/\/agora.xtec.cat\/esc-musica-parets\/wp-content\/uploads\/usu1283\/2021\/06\/IMG_20210616_202302-1024x512.jpg 1024w\" sizes=\"auto, (max-width: 4160px) 100vw, 4160px\" \/><\/a>\n\t\t\t<\/dt><\/dl><dl class='gallery-item'>\n\t\t\t<dt class='gallery-icon landscape'>\n\t\t\t\t<a href='https:\/\/agora.xtec.cat\/esc-musica-parets\/general\/audicions-de-fi-de-curs\/attachment\/img_20210617_201049\/'><img loading=\"lazy\" decoding=\"async\" width=\"4160\" height=\"2080\" src=\"https:\/\/agora.xtec.cat\/esc-musica-parets\/wp-content\/uploads\/usu1283\/2021\/06\/IMG_20210617_201049.jpg\" class=\"attachment-full size-full\" alt=\"\" srcset=\"https:\/\/agora.xtec.cat\/esc-musica-parets\/wp-content\/uploads\/usu1283\/2021\/06\/IMG_20210617_201049.jpg 4160w, https:\/\/agora.xtec.cat\/esc-musica-parets\/wp-content\/uploads\/usu1283\/2021\/06\/IMG_20210617_201049-300x150.jpg 300w, https:\/\/agora.xtec.cat\/esc-musica-parets\/wp-content\/uploads\/usu1283\/2021\/06\/IMG_20210617_201049-768x384.jpg 768w, https:\/\/agora.xtec.cat\/esc-musica-parets\/wp-content\/uploads\/usu1283\/2021\/06\/IMG_20210617_201049-1024x512.jpg 1024w\" sizes=\"auto, (max-width: 4160px) 100vw, 4160px\" \/><\/a>\n\t\t\t<\/dt><\/dl><br style=\"clear: both\" \/>\n\t\t<\/div>\n\n","protected":false},"excerpt":{"rendered":"<p>Els dies 14, 16 i 17 de juny han tingut lloc al parc la Linera les Audicions de fi de curs de l&#8217;Escola Municipal de M\u00fasica. Al llarg de les tres sessions s&#8217;han pogut escoltar alumnes de totes les especialitats instrumentals del centre, aix\u00ed com&hellip;  <a href=\"https:\/\/agora.xtec.cat\/esc-musica-parets\/general\/audicions-de-fi-de-curs\/\" title=\"Read Audicions de fi de curs\">Llegeix m\u00e9s\u00bb<\/a><\/p>\n","protected":false},"author":1,"featured_media":2559,"comment_status":"open","ping_status":"closed","sticky":false,"template":"","format":"standard","meta":{"_bbp_topic_count":0,"_bbp_reply_count":0,"_bbp_total_topic_count":0,"_bbp_total_reply_count":0,"_bbp_voice_count":0,"_bbp_anonymous_reply_count":0,"_bbp_topic_count_hidden":0,"_bbp_reply_count_hidden":0,"_bbp_forum_subforum_count":0,"footnotes":""},"categories":[1,29],"tags":[100,80,151,150,77],"class_list":["post-2556","post","type-post","status-publish","format-standard","has-post-thumbnail","hentry","category-general","category-portada","tag-audicions","tag-concert-fi-de-curs","tag-emm-parets","tag-escola-musica","tag-noticies"],"post_mailing_queue_ids":[],"_links":{"self":[{"href":"https:\/\/agora.xtec.cat\/esc-musica-parets\/wp-json\/wp\/v2\/posts\/2556","targetHints":{"allow":["GET"]}}],"collection":[{"href":"https:\/\/agora.xtec.cat\/esc-musica-parets\/wp-json\/wp\/v2\/posts"}],"about":[{"href":"https:\/\/agora.xtec.cat\/esc-musica-parets\/wp-json\/wp\/v2\/types\/post"}],"author":[{"embeddable":true,"href":"https:\/\/agora.xtec.cat\/esc-musica-parets\/wp-json\/wp\/v2\/users\/1"}],"replies":[{"embeddable":true,"href":"https:\/\/agora.xtec.cat\/esc-musica-parets\/wp-json\/wp\/v2\/comments?post=2556"}],"version-history":[{"count":2,"href":"https:\/\/agora.xtec.cat\/esc-musica-parets\/wp-json\/wp\/v2\/posts\/2556\/revisions"}],"predecessor-version":[{"id":2567,"href":"https:\/\/agora.xtec.cat\/esc-musica-parets\/wp-json\/wp\/v2\/posts\/2556\/revisions\/2567"}],"wp:featuredmedia":[{"embeddable":true,"href":"https:\/\/agora.xtec.cat\/esc-musica-parets\/wp-json\/wp\/v2\/media\/2559"}],"wp:attachment":[{"href":"https:\/\/agora.xtec.cat\/esc-musica-parets\/wp-json\/wp\/v2\/media?parent=2556"}],"wp:term":[{"taxonomy":"category","embeddable":true,"href":"https:\/\/agora.xtec.cat\/esc-musica-parets\/wp-json\/wp\/v2\/categories?post=2556"},{"taxonomy":"post_tag","embeddable":true,"href":"https:\/\/agora.xtec.cat\/esc-musica-parets\/wp-json\/wp\/v2\/tags?post=2556"}],"curies":[{"name":"wp","href":"https:\/\/api.w.org\/{rel}","templated":true}]}}