{"id":2524,"date":"2021-06-01T17:56:51","date_gmt":"2021-06-01T15:56:51","guid":{"rendered":"http:\/\/agora.xtec.cat\/esc-musica-parets\/?p=2524"},"modified":"2021-06-01T17:59:33","modified_gmt":"2021-06-01T15:59:33","slug":"audicio-dels-alumnes-de-basic-1","status":"publish","type":"post","link":"https:\/\/agora.xtec.cat\/esc-musica-parets\/general\/audicio-dels-alumnes-de-basic-1\/","title":{"rendered":"Audici\u00f3 dels alumnes de B\u00e0sic 1"},"content":{"rendered":"<p>El passat dijous 20 de maig va tenir lloc l&#8217;audici\u00f3 dels alumnes de B\u00e0sic 1, aquells que han comen\u00e7at l&#8217;aprenentatge de l&#8217;estudi d&#8217;un instrument aquest curs. Aquesta audici\u00f3 t\u00e9 un component de &#8220;bateig musical&#8221; ja que \u00e9s la seva primera actuaci\u00f3 davant del p\u00fablic. En aquesta ocasi\u00f3, i a causa de les restriccions per la pand\u00e8mia, es va fer al parc, a l&#8217;aire lliure, i va comptar amb un gran nombre de p\u00fablic que va poder gaudir de diferents interpretacions al piano, guitarra, saxo, viol\u00ed, flauta travessera i bateria. Tots van fer una fant\u00e0stica actuaci\u00f3!!!! Enhorabona a tots i totes joves m\u00fasics!!!!<\/p>\n\n\t\t<style type=\"text\/css\">\n\t\t\t#gallery-1 {\n\t\t\t\tmargin: auto;\n\t\t\t}\n\t\t\t#gallery-1 .gallery-item {\n\t\t\t\tfloat: left;\n\t\t\t\tmargin-top: 10px;\n\t\t\t\ttext-align: center;\n\t\t\t\twidth: 50%;\n\t\t\t}\n\t\t\t#gallery-1 img {\n\t\t\t\tborder: 2px solid #cfcfcf;\n\t\t\t}\n\t\t\t#gallery-1 .gallery-caption {\n\t\t\t\tmargin-left: 0;\n\t\t\t}\n\t\t\t\/* see gallery_shortcode() in wp-includes\/media.php *\/\n\t\t<\/style>\n\t\t<div id='gallery-1' class='gallery galleryid-2524 gallery-columns-2 gallery-size-full'><dl class='gallery-item'>\n\t\t\t<dt class='gallery-icon landscape'>\n\t\t\t\t<a href='https:\/\/agora.xtec.cat\/esc-musica-parets\/general\/audicio-dels-alumnes-de-basic-1\/attachment\/img_20210520_180930-2\/'><img loading=\"lazy\" decoding=\"async\" width=\"4160\" height=\"2080\" src=\"https:\/\/agora.xtec.cat\/esc-musica-parets\/wp-content\/uploads\/usu1283\/2021\/06\/IMG_20210520_180930-1.jpg\" class=\"attachment-full size-full\" alt=\"\" srcset=\"https:\/\/agora.xtec.cat\/esc-musica-parets\/wp-content\/uploads\/usu1283\/2021\/06\/IMG_20210520_180930-1.jpg 4160w, https:\/\/agora.xtec.cat\/esc-musica-parets\/wp-content\/uploads\/usu1283\/2021\/06\/IMG_20210520_180930-1-300x150.jpg 300w, https:\/\/agora.xtec.cat\/esc-musica-parets\/wp-content\/uploads\/usu1283\/2021\/06\/IMG_20210520_180930-1-768x384.jpg 768w, https:\/\/agora.xtec.cat\/esc-musica-parets\/wp-content\/uploads\/usu1283\/2021\/06\/IMG_20210520_180930-1-1024x512.jpg 1024w\" sizes=\"auto, (max-width: 4160px) 100vw, 4160px\" \/><\/a>\n\t\t\t<\/dt><\/dl><dl class='gallery-item'>\n\t\t\t<dt class='gallery-icon landscape'>\n\t\t\t\t<a href='https:\/\/agora.xtec.cat\/esc-musica-parets\/general\/audicio-dels-alumnes-de-basic-1\/attachment\/img_20210520_181333\/'><img loading=\"lazy\" decoding=\"async\" width=\"4160\" height=\"2080\" src=\"https:\/\/agora.xtec.cat\/esc-musica-parets\/wp-content\/uploads\/usu1283\/2021\/06\/IMG_20210520_181333.jpg\" class=\"attachment-full size-full\" alt=\"\" srcset=\"https:\/\/agora.xtec.cat\/esc-musica-parets\/wp-content\/uploads\/usu1283\/2021\/06\/IMG_20210520_181333.jpg 4160w, https:\/\/agora.xtec.cat\/esc-musica-parets\/wp-content\/uploads\/usu1283\/2021\/06\/IMG_20210520_181333-300x150.jpg 300w, https:\/\/agora.xtec.cat\/esc-musica-parets\/wp-content\/uploads\/usu1283\/2021\/06\/IMG_20210520_181333-768x384.jpg 768w, https:\/\/agora.xtec.cat\/esc-musica-parets\/wp-content\/uploads\/usu1283\/2021\/06\/IMG_20210520_181333-1024x512.jpg 1024w\" sizes=\"auto, (max-width: 4160px) 100vw, 4160px\" \/><\/a>\n\t\t\t<\/dt><\/dl><br style=\"clear: both\" \/><dl class='gallery-item'>\n\t\t\t<dt class='gallery-icon landscape'>\n\t\t\t\t<a href='https:\/\/agora.xtec.cat\/esc-musica-parets\/general\/audicio-dels-alumnes-de-basic-1\/attachment\/img_20210520_182702\/'><img loading=\"lazy\" decoding=\"async\" width=\"4160\" height=\"2080\" src=\"https:\/\/agora.xtec.cat\/esc-musica-parets\/wp-content\/uploads\/usu1283\/2021\/06\/IMG_20210520_182702.jpg\" class=\"attachment-full size-full\" alt=\"\" srcset=\"https:\/\/agora.xtec.cat\/esc-musica-parets\/wp-content\/uploads\/usu1283\/2021\/06\/IMG_20210520_182702.jpg 4160w, https:\/\/agora.xtec.cat\/esc-musica-parets\/wp-content\/uploads\/usu1283\/2021\/06\/IMG_20210520_182702-300x150.jpg 300w, https:\/\/agora.xtec.cat\/esc-musica-parets\/wp-content\/uploads\/usu1283\/2021\/06\/IMG_20210520_182702-768x384.jpg 768w, https:\/\/agora.xtec.cat\/esc-musica-parets\/wp-content\/uploads\/usu1283\/2021\/06\/IMG_20210520_182702-1024x512.jpg 1024w\" sizes=\"auto, (max-width: 4160px) 100vw, 4160px\" \/><\/a>\n\t\t\t<\/dt><\/dl><dl class='gallery-item'>\n\t\t\t<dt class='gallery-icon landscape'>\n\t\t\t\t<a href='https:\/\/agora.xtec.cat\/esc-musica-parets\/general\/audicio-dels-alumnes-de-basic-1\/attachment\/img_20210520_183113\/'><img loading=\"lazy\" decoding=\"async\" width=\"4160\" height=\"2080\" src=\"https:\/\/agora.xtec.cat\/esc-musica-parets\/wp-content\/uploads\/usu1283\/2021\/06\/IMG_20210520_183113.jpg\" class=\"attachment-full size-full\" alt=\"\" srcset=\"https:\/\/agora.xtec.cat\/esc-musica-parets\/wp-content\/uploads\/usu1283\/2021\/06\/IMG_20210520_183113.jpg 4160w, https:\/\/agora.xtec.cat\/esc-musica-parets\/wp-content\/uploads\/usu1283\/2021\/06\/IMG_20210520_183113-300x150.jpg 300w, https:\/\/agora.xtec.cat\/esc-musica-parets\/wp-content\/uploads\/usu1283\/2021\/06\/IMG_20210520_183113-768x384.jpg 768w, https:\/\/agora.xtec.cat\/esc-musica-parets\/wp-content\/uploads\/usu1283\/2021\/06\/IMG_20210520_183113-1024x512.jpg 1024w\" sizes=\"auto, (max-width: 4160px) 100vw, 4160px\" \/><\/a>\n\t\t\t<\/dt><\/dl><br style=\"clear: both\" \/>\n\t\t<\/div>\n\n","protected":false},"excerpt":{"rendered":"<p>El passat dijous 20 de maig va tenir lloc l&#8217;audici\u00f3 dels alumnes de B\u00e0sic 1, aquells que han comen\u00e7at l&#8217;aprenentatge de l&#8217;estudi d&#8217;un instrument aquest curs. Aquesta audici\u00f3 t\u00e9 un component de &#8220;bateig musical&#8221; ja que \u00e9s la seva primera actuaci\u00f3 davant del p\u00fablic. En&hellip;  <a href=\"https:\/\/agora.xtec.cat\/esc-musica-parets\/general\/audicio-dels-alumnes-de-basic-1\/\" title=\"Read Audici\u00f3 dels alumnes de B\u00e0sic 1\">Llegeix m\u00e9s\u00bb<\/a><\/p>\n","protected":false},"author":1,"featured_media":2527,"comment_status":"open","ping_status":"closed","sticky":false,"template":"","format":"standard","meta":{"_bbp_topic_count":0,"_bbp_reply_count":0,"_bbp_total_topic_count":0,"_bbp_total_reply_count":0,"_bbp_voice_count":0,"_bbp_anonymous_reply_count":0,"_bbp_topic_count_hidden":0,"_bbp_reply_count_hidden":0,"_bbp_forum_subforum_count":0,"footnotes":""},"categories":[1,29],"tags":[100,162,151,150,77],"class_list":["post-2524","post","type-post","status-publish","format-standard","has-post-thumbnail","hentry","category-general","category-portada","tag-audicions","tag-basics-1","tag-emm-parets","tag-escola-musica","tag-noticies"],"post_mailing_queue_ids":[],"_links":{"self":[{"href":"https:\/\/agora.xtec.cat\/esc-musica-parets\/wp-json\/wp\/v2\/posts\/2524","targetHints":{"allow":["GET"]}}],"collection":[{"href":"https:\/\/agora.xtec.cat\/esc-musica-parets\/wp-json\/wp\/v2\/posts"}],"about":[{"href":"https:\/\/agora.xtec.cat\/esc-musica-parets\/wp-json\/wp\/v2\/types\/post"}],"author":[{"embeddable":true,"href":"https:\/\/agora.xtec.cat\/esc-musica-parets\/wp-json\/wp\/v2\/users\/1"}],"replies":[{"embeddable":true,"href":"https:\/\/agora.xtec.cat\/esc-musica-parets\/wp-json\/wp\/v2\/comments?post=2524"}],"version-history":[{"count":2,"href":"https:\/\/agora.xtec.cat\/esc-musica-parets\/wp-json\/wp\/v2\/posts\/2524\/revisions"}],"predecessor-version":[{"id":2531,"href":"https:\/\/agora.xtec.cat\/esc-musica-parets\/wp-json\/wp\/v2\/posts\/2524\/revisions\/2531"}],"wp:featuredmedia":[{"embeddable":true,"href":"https:\/\/agora.xtec.cat\/esc-musica-parets\/wp-json\/wp\/v2\/media\/2527"}],"wp:attachment":[{"href":"https:\/\/agora.xtec.cat\/esc-musica-parets\/wp-json\/wp\/v2\/media?parent=2524"}],"wp:term":[{"taxonomy":"category","embeddable":true,"href":"https:\/\/agora.xtec.cat\/esc-musica-parets\/wp-json\/wp\/v2\/categories?post=2524"},{"taxonomy":"post_tag","embeddable":true,"href":"https:\/\/agora.xtec.cat\/esc-musica-parets\/wp-json\/wp\/v2\/tags?post=2524"}],"curies":[{"name":"wp","href":"https:\/\/api.w.org\/{rel}","templated":true}]}}