{"id":2509,"date":"2021-05-10T19:15:16","date_gmt":"2021-05-10T17:15:16","guid":{"rendered":"http:\/\/agora.xtec.cat\/esc-musica-parets\/?p=2509"},"modified":"2021-05-10T19:21:50","modified_gmt":"2021-05-10T17:21:50","slug":"les-audicions-per-a-escolars-enguany-al-parc-la-linera","status":"publish","type":"post","link":"https:\/\/agora.xtec.cat\/esc-musica-parets\/general\/les-audicions-per-a-escolars-enguany-al-parc-la-linera\/","title":{"rendered":"Les &#8220;Audicions per a escolars&#8221; enguany al Parc La Linera"},"content":{"rendered":"<p>Donades les restriccions i mesures en mat\u00e8ria sanit\u00e0ria per combatre la pand\u00e8mia causada per la Covid19, enguany les &#8220;Audicions per a escolars&#8221; que organitza cada curs l&#8217;Escola Municipal de M\u00fasica pels alumnes de P5, 2n, 4t i 6\u00e8 dels col\u00b7legis de Parets, s&#8217;han hagut de reorganitzar a causa de les dimensions de l&#8217;auditori. Mentre que els col\u00b7legis amb grups bombolles m\u00e9s petits han pogut participar d&#8217;aquestes audicions a l&#8217;auditori de l&#8217;escola, els centres amb un nombre d&#8217;alumnes m\u00e9s gran ho faran al parc la Linera, durant el mes de maig i aprofitant el bon temps. Durant el curs, hauran pogut gaudir d&#8217;aquesta activitat prop de 600 alumnes dels diferents centres.<\/p>\n<p><a href=\"https:\/\/agora.xtec.cat\/esc-musica-parets\/wp-content\/uploads\/usu1283\/2021\/05\/DSCN7936_2.jpg\"><img loading=\"lazy\" decoding=\"async\" class=\"size-large wp-image-2510 aligncenter\" src=\"https:\/\/agora.xtec.cat\/esc-musica-parets\/wp-content\/uploads\/usu1283\/2021\/05\/DSCN7936_2-1024x685.jpg\" alt=\"\" width=\"1024\" height=\"685\" srcset=\"https:\/\/agora.xtec.cat\/esc-musica-parets\/wp-content\/uploads\/usu1283\/2021\/05\/DSCN7936_2-1024x685.jpg 1024w, https:\/\/agora.xtec.cat\/esc-musica-parets\/wp-content\/uploads\/usu1283\/2021\/05\/DSCN7936_2-300x201.jpg 300w, https:\/\/agora.xtec.cat\/esc-musica-parets\/wp-content\/uploads\/usu1283\/2021\/05\/DSCN7936_2-768x514.jpg 768w\" sizes=\"auto, (max-width: 1024px) 100vw, 1024px\" \/><\/a><a href=\"https:\/\/agora.xtec.cat\/esc-musica-parets\/wp-content\/uploads\/usu1283\/2021\/05\/oficis-3-1.jpg\"><img loading=\"lazy\" decoding=\"async\" class=\"alignnone size-full wp-image-2512\" src=\"https:\/\/agora.xtec.cat\/esc-musica-parets\/wp-content\/uploads\/usu1283\/2021\/05\/oficis-3-1.jpg\" alt=\"\" width=\"1000\" height=\"750\" srcset=\"https:\/\/agora.xtec.cat\/esc-musica-parets\/wp-content\/uploads\/usu1283\/2021\/05\/oficis-3-1.jpg 1000w, https:\/\/agora.xtec.cat\/esc-musica-parets\/wp-content\/uploads\/usu1283\/2021\/05\/oficis-3-1-300x225.jpg 300w, https:\/\/agora.xtec.cat\/esc-musica-parets\/wp-content\/uploads\/usu1283\/2021\/05\/oficis-3-1-768x576.jpg 768w, https:\/\/agora.xtec.cat\/esc-musica-parets\/wp-content\/uploads\/usu1283\/2021\/05\/oficis-3-1-200x150.jpg 200w\" sizes=\"auto, (max-width: 1000px) 100vw, 1000px\" \/><\/a> <a href=\"https:\/\/agora.xtec.cat\/esc-musica-parets\/wp-content\/uploads\/usu1283\/2021\/05\/oficis-1.jpg\"><img loading=\"lazy\" decoding=\"async\" class=\"alignnone size-full wp-image-2511\" src=\"https:\/\/agora.xtec.cat\/esc-musica-parets\/wp-content\/uploads\/usu1283\/2021\/05\/oficis-1.jpg\" alt=\"\" width=\"1000\" height=\"750\" srcset=\"https:\/\/agora.xtec.cat\/esc-musica-parets\/wp-content\/uploads\/usu1283\/2021\/05\/oficis-1.jpg 1000w, https:\/\/agora.xtec.cat\/esc-musica-parets\/wp-content\/uploads\/usu1283\/2021\/05\/oficis-1-300x225.jpg 300w, https:\/\/agora.xtec.cat\/esc-musica-parets\/wp-content\/uploads\/usu1283\/2021\/05\/oficis-1-768x576.jpg 768w, https:\/\/agora.xtec.cat\/esc-musica-parets\/wp-content\/uploads\/usu1283\/2021\/05\/oficis-1-200x150.jpg 200w\" sizes=\"auto, (max-width: 1000px) 100vw, 1000px\" \/><\/a><\/p>\n","protected":false},"excerpt":{"rendered":"<p>Donades les restriccions i mesures en mat\u00e8ria sanit\u00e0ria per combatre la pand\u00e8mia causada per la Covid19, enguany les &#8220;Audicions per a escolars&#8221; que organitza cada curs l&#8217;Escola Municipal de M\u00fasica pels alumnes de P5, 2n, 4t i 6\u00e8 dels col\u00b7legis de Parets, s&#8217;han hagut de&hellip;  <a href=\"https:\/\/agora.xtec.cat\/esc-musica-parets\/general\/les-audicions-per-a-escolars-enguany-al-parc-la-linera\/\" title=\"Read Les &#8220;Audicions per a escolars&#8221; enguany al Parc La Linera\">Llegeix m\u00e9s\u00bb<\/a><\/p>\n","protected":false},"author":1,"featured_media":2513,"comment_status":"open","ping_status":"closed","sticky":false,"template":"","format":"standard","meta":{"_bbp_topic_count":0,"_bbp_reply_count":0,"_bbp_total_topic_count":0,"_bbp_total_reply_count":0,"_bbp_voice_count":0,"_bbp_anonymous_reply_count":0,"_bbp_topic_count_hidden":0,"_bbp_reply_count_hidden":0,"_bbp_forum_subforum_count":0,"footnotes":""},"categories":[1,29],"tags":[100,141,151,150,77],"class_list":["post-2509","post","type-post","status-publish","format-standard","has-post-thumbnail","hentry","category-general","category-portada","tag-audicions","tag-audicions-escolars","tag-emm-parets","tag-escola-musica","tag-noticies"],"post_mailing_queue_ids":[],"_links":{"self":[{"href":"https:\/\/agora.xtec.cat\/esc-musica-parets\/wp-json\/wp\/v2\/posts\/2509","targetHints":{"allow":["GET"]}}],"collection":[{"href":"https:\/\/agora.xtec.cat\/esc-musica-parets\/wp-json\/wp\/v2\/posts"}],"about":[{"href":"https:\/\/agora.xtec.cat\/esc-musica-parets\/wp-json\/wp\/v2\/types\/post"}],"author":[{"embeddable":true,"href":"https:\/\/agora.xtec.cat\/esc-musica-parets\/wp-json\/wp\/v2\/users\/1"}],"replies":[{"embeddable":true,"href":"https:\/\/agora.xtec.cat\/esc-musica-parets\/wp-json\/wp\/v2\/comments?post=2509"}],"version-history":[{"count":2,"href":"https:\/\/agora.xtec.cat\/esc-musica-parets\/wp-json\/wp\/v2\/posts\/2509\/revisions"}],"predecessor-version":[{"id":2515,"href":"https:\/\/agora.xtec.cat\/esc-musica-parets\/wp-json\/wp\/v2\/posts\/2509\/revisions\/2515"}],"wp:featuredmedia":[{"embeddable":true,"href":"https:\/\/agora.xtec.cat\/esc-musica-parets\/wp-json\/wp\/v2\/media\/2513"}],"wp:attachment":[{"href":"https:\/\/agora.xtec.cat\/esc-musica-parets\/wp-json\/wp\/v2\/media?parent=2509"}],"wp:term":[{"taxonomy":"category","embeddable":true,"href":"https:\/\/agora.xtec.cat\/esc-musica-parets\/wp-json\/wp\/v2\/categories?post=2509"},{"taxonomy":"post_tag","embeddable":true,"href":"https:\/\/agora.xtec.cat\/esc-musica-parets\/wp-json\/wp\/v2\/tags?post=2509"}],"curies":[{"name":"wp","href":"https:\/\/api.w.org\/{rel}","templated":true}]}}