{"id":2506,"date":"2021-05-10T18:58:38","date_gmt":"2021-05-10T16:58:38","guid":{"rendered":"http:\/\/agora.xtec.cat\/esc-musica-parets\/?p=2506"},"modified":"2021-05-10T19:16:53","modified_gmt":"2021-05-10T17:16:53","slug":"canta-parets-virtual-2021-ja-el-tenim-aqui","status":"publish","type":"post","link":"https:\/\/agora.xtec.cat\/esc-musica-parets\/general\/canta-parets-virtual-2021-ja-el-tenim-aqui\/","title":{"rendered":"CANTA Parets! Virtual 2021. Ja el tenim aqu\u00ed!"},"content":{"rendered":"<p><iframe loading=\"lazy\" src=\"https:\/\/www.youtube.com\/embed\/oiPomyWflso\" width=\"660\" height=\"415\" frameborder=\"0\"><span style=\"display: inline-block; width: 0px; overflow: hidden; line-height: 0;\" data-mce-type=\"bookmark\" class=\"mce_SELRES_start\">\ufeff<\/span><span style=\"display: inline-block; width: 0px; overflow: hidden; line-height: 0;\" data-mce-type=\"bookmark\" class=\"mce_SELRES_start\">\ufeff<\/span><\/iframe><br \/>\nCanta Parets! \u00e9s un projecte iniciat l&#8217;any 2015 en el qual l&#8217;Escola Municipal de M\u00fasica de Parets del Vall\u00e8s proposa i coordina una gran cantata amb la integraci\u00f3 i participaci\u00f3 de totes les escoles d&#8217;infantil i prim\u00e0ria del municipi.<\/p>\n<p>Es tracta d&#8217;un projecte de poble en el qual es vol donar valor a la participaci\u00f3 col\u00b7lectiva i alhora fomentar el gaudir de la m\u00fasica a trav\u00e9s del cant.<\/p>\n<p>Els nens i les nenes de P-5 dels col\u00b7legis de Parets participen cantant, i l&#8217;Escola Municipal de M\u00fasica aporta la direcci\u00f3 i la coordinaci\u00f3 del projecte, aix\u00ed com la m\u00fasica en directe a c\u00e0rrec dels professors i les professores del centre.<\/p>\n<p>L&#8217;Escola Municipal de M\u00fasica vol agrair a tot el professorat dels col\u00b7legis de Parets. En aquesta edici\u00f3 han participat:<\/p>\n<p>&#8211; Escola ACESCO.<br \/>\n&#8211; Col\u00b7legi Llu\u00eds Piquer.<br \/>\n&#8211; Col\u00b7legi Nostra Senyora de Montserrat.<br \/>\n&#8211; Escola Municipal Pau Vila.<br \/>\n&#8211; Escola Pompeu Fabra.<br \/>\n&#8211; Escola Vila Parietes.<\/p>\n","protected":false},"excerpt":{"rendered":"<p>\ufeff\ufeff<br \/>\nCanta Parets! \u00e9s un projecte iniciat l&#8217;any 2015 en el qual l&#8217;Escola Municipal de M\u00fasica de Parets del Vall\u00e8s proposa i coordina una gran cantata amb la integraci\u00f3 i participaci\u00f3 de totes les escoles d&#8217;infantil i prim\u00e0ria del municipi.<br \/>\nEs tracta d&#8217;un projecte de poble en&hellip;  <a href=\"https:\/\/agora.xtec.cat\/esc-musica-parets\/general\/canta-parets-virtual-2021-ja-el-tenim-aqui\/\" title=\"Read CANTA Parets! Virtual 2021. Ja el tenim aqu\u00ed!\">Llegeix m\u00e9s\u00bb<\/a><\/p>\n","protected":false},"author":1,"featured_media":2507,"comment_status":"open","ping_status":"closed","sticky":false,"template":"","format":"standard","meta":{"_bbp_topic_count":0,"_bbp_reply_count":0,"_bbp_total_topic_count":0,"_bbp_total_reply_count":0,"_bbp_voice_count":0,"_bbp_anonymous_reply_count":0,"_bbp_topic_count_hidden":0,"_bbp_reply_count_hidden":0,"_bbp_forum_subforum_count":0,"footnotes":""},"categories":[1,29],"tags":[131,151,150,77,152],"class_list":["post-2506","post","type-post","status-publish","format-standard","has-post-thumbnail","hentry","category-general","category-portada","tag-canta-parets","tag-emm-parets","tag-escola-musica","tag-noticies","tag-professors"],"post_mailing_queue_ids":[],"_links":{"self":[{"href":"https:\/\/agora.xtec.cat\/esc-musica-parets\/wp-json\/wp\/v2\/posts\/2506","targetHints":{"allow":["GET"]}}],"collection":[{"href":"https:\/\/agora.xtec.cat\/esc-musica-parets\/wp-json\/wp\/v2\/posts"}],"about":[{"href":"https:\/\/agora.xtec.cat\/esc-musica-parets\/wp-json\/wp\/v2\/types\/post"}],"author":[{"embeddable":true,"href":"https:\/\/agora.xtec.cat\/esc-musica-parets\/wp-json\/wp\/v2\/users\/1"}],"replies":[{"embeddable":true,"href":"https:\/\/agora.xtec.cat\/esc-musica-parets\/wp-json\/wp\/v2\/comments?post=2506"}],"version-history":[{"count":1,"href":"https:\/\/agora.xtec.cat\/esc-musica-parets\/wp-json\/wp\/v2\/posts\/2506\/revisions"}],"predecessor-version":[{"id":2508,"href":"https:\/\/agora.xtec.cat\/esc-musica-parets\/wp-json\/wp\/v2\/posts\/2506\/revisions\/2508"}],"wp:featuredmedia":[{"embeddable":true,"href":"https:\/\/agora.xtec.cat\/esc-musica-parets\/wp-json\/wp\/v2\/media\/2507"}],"wp:attachment":[{"href":"https:\/\/agora.xtec.cat\/esc-musica-parets\/wp-json\/wp\/v2\/media?parent=2506"}],"wp:term":[{"taxonomy":"category","embeddable":true,"href":"https:\/\/agora.xtec.cat\/esc-musica-parets\/wp-json\/wp\/v2\/categories?post=2506"},{"taxonomy":"post_tag","embeddable":true,"href":"https:\/\/agora.xtec.cat\/esc-musica-parets\/wp-json\/wp\/v2\/tags?post=2506"}],"curies":[{"name":"wp","href":"https:\/\/api.w.org\/{rel}","templated":true}]}}