{"id":2490,"date":"2021-04-19T20:55:33","date_gmt":"2021-04-19T18:55:33","guid":{"rendered":"http:\/\/agora.xtec.cat\/esc-musica-parets\/?p=2490"},"modified":"2021-04-19T20:57:43","modified_gmt":"2021-04-19T18:57:43","slug":"acte-en-commemoracio-dels-90-anys-de-la-republica","status":"publish","type":"post","link":"https:\/\/agora.xtec.cat\/esc-musica-parets\/general\/acte-en-commemoracio-dels-90-anys-de-la-republica\/","title":{"rendered":"Acte en commemoraci\u00f3 dels 90 anys de la Rep\u00fablica"},"content":{"rendered":"<p>Dimecres passat, 14 d&#8217;abril, dia en que es celebra l&#8217;aniversari de la Rep\u00fablica, es va dur a terme un acte institucional per commemorar els 90 anys de la proclamaci\u00f3 de la II Rep\u00fablica a Espanya.<\/p>\n<p>L&#8217;acte, que va tenir lloc al Parc la Linera al costat de l&#8217;escultura en record dels represaliats, va comptar amb diferents lectures i poemes referents a aquesta efem\u00e8ride a c\u00e0rrec del Niu d&#8217;art, i amb la pres\u00e8ncia de la Taula per la mem\u00f2ria hist\u00f2rica de Parets. Van tancar l&#8217;acte els parlaments de Casandra Garcia, vicealcaldesa i regidora d&#8217;Educaci\u00f3 de Parets del Vall\u00e8s, i de l&#8217;alcalde Francesc Juzgado. Durant l&#8217;acte van haver diferents intervencions musicals a c\u00e0rrec d&#8217;Ernesto Brice\u00f1o al viol\u00ed, representant del CEM Maria Grever, i de Jordi Azagra al piano, director de l&#8217;Escola Municipal de M\u00fasica de Parets. Els temes escollits van ser molt representatius de l&#8217;\u00e8poca, com l'&#8221;Himne de Riego&#8221;, o &#8220;Ay, Carmela&#8221; i &#8220;Si me quieres escribir&#8221;, dues can\u00e7ons que recollien l&#8217;esperit del band republic\u00e0 en la guerra civil.<\/p>\n<p><a href=\"https:\/\/agora.xtec.cat\/esc-musica-parets\/wp-content\/uploads\/usu1283\/2021\/04\/Sin-t\u00edtulo-1.jpg\"><img loading=\"lazy\" decoding=\"async\" class=\"alignnone size-large wp-image-2491\" src=\"https:\/\/agora.xtec.cat\/esc-musica-parets\/wp-content\/uploads\/usu1283\/2021\/04\/Sin-t\u00edtulo-1-1024x579.jpg\" alt=\"\" width=\"1024\" height=\"579\" srcset=\"https:\/\/agora.xtec.cat\/esc-musica-parets\/wp-content\/uploads\/usu1283\/2021\/04\/Sin-t\u00edtulo-1-1024x579.jpg 1024w, https:\/\/agora.xtec.cat\/esc-musica-parets\/wp-content\/uploads\/usu1283\/2021\/04\/Sin-t\u00edtulo-1-300x170.jpg 300w, https:\/\/agora.xtec.cat\/esc-musica-parets\/wp-content\/uploads\/usu1283\/2021\/04\/Sin-t\u00edtulo-1-768x434.jpg 768w, https:\/\/agora.xtec.cat\/esc-musica-parets\/wp-content\/uploads\/usu1283\/2021\/04\/Sin-t\u00edtulo-1.jpg 1279w\" sizes=\"auto, (max-width: 1024px) 100vw, 1024px\" \/><\/a><a href=\"https:\/\/agora.xtec.cat\/esc-musica-parets\/wp-content\/uploads\/usu1283\/2021\/04\/IMG-20210414-WA0002.jpg\"><img loading=\"lazy\" decoding=\"async\" class=\"alignnone size-full wp-image-2492\" src=\"https:\/\/agora.xtec.cat\/esc-musica-parets\/wp-content\/uploads\/usu1283\/2021\/04\/IMG-20210414-WA0002.jpg\" alt=\"\" width=\"900\" height=\"600\" srcset=\"https:\/\/agora.xtec.cat\/esc-musica-parets\/wp-content\/uploads\/usu1283\/2021\/04\/IMG-20210414-WA0002.jpg 900w, https:\/\/agora.xtec.cat\/esc-musica-parets\/wp-content\/uploads\/usu1283\/2021\/04\/IMG-20210414-WA0002-300x200.jpg 300w, https:\/\/agora.xtec.cat\/esc-musica-parets\/wp-content\/uploads\/usu1283\/2021\/04\/IMG-20210414-WA0002-768x512.jpg 768w\" sizes=\"auto, (max-width: 900px) 100vw, 900px\" \/><\/a><\/p>\n","protected":false},"excerpt":{"rendered":"<p>Dimecres passat, 14 d&#8217;abril, dia en que es celebra l&#8217;aniversari de la Rep\u00fablica, es va dur a terme un acte institucional per commemorar els 90 anys de la proclamaci\u00f3 de la II Rep\u00fablica a Espanya.<br \/>\nL&#8217;acte, que va tenir lloc al Parc la Linera al costat&hellip;  <a href=\"https:\/\/agora.xtec.cat\/esc-musica-parets\/general\/acte-en-commemoracio-dels-90-anys-de-la-republica\/\" title=\"Read Acte en commemoraci\u00f3 dels 90 anys de la Rep\u00fablica\">Llegeix m\u00e9s\u00bb<\/a><\/p>\n","protected":false},"author":1,"featured_media":2491,"comment_status":"open","ping_status":"closed","sticky":false,"template":"","format":"standard","meta":{"_bbp_topic_count":0,"_bbp_reply_count":0,"_bbp_total_topic_count":0,"_bbp_total_reply_count":0,"_bbp_voice_count":0,"_bbp_anonymous_reply_count":0,"_bbp_topic_count_hidden":0,"_bbp_reply_count_hidden":0,"_bbp_forum_subforum_count":0,"footnotes":""},"categories":[1,29],"tags":[151,150,77],"class_list":["post-2490","post","type-post","status-publish","format-standard","has-post-thumbnail","hentry","category-general","category-portada","tag-emm-parets","tag-escola-musica","tag-noticies"],"post_mailing_queue_ids":[],"_links":{"self":[{"href":"https:\/\/agora.xtec.cat\/esc-musica-parets\/wp-json\/wp\/v2\/posts\/2490","targetHints":{"allow":["GET"]}}],"collection":[{"href":"https:\/\/agora.xtec.cat\/esc-musica-parets\/wp-json\/wp\/v2\/posts"}],"about":[{"href":"https:\/\/agora.xtec.cat\/esc-musica-parets\/wp-json\/wp\/v2\/types\/post"}],"author":[{"embeddable":true,"href":"https:\/\/agora.xtec.cat\/esc-musica-parets\/wp-json\/wp\/v2\/users\/1"}],"replies":[{"embeddable":true,"href":"https:\/\/agora.xtec.cat\/esc-musica-parets\/wp-json\/wp\/v2\/comments?post=2490"}],"version-history":[{"count":2,"href":"https:\/\/agora.xtec.cat\/esc-musica-parets\/wp-json\/wp\/v2\/posts\/2490\/revisions"}],"predecessor-version":[{"id":2494,"href":"https:\/\/agora.xtec.cat\/esc-musica-parets\/wp-json\/wp\/v2\/posts\/2490\/revisions\/2494"}],"wp:featuredmedia":[{"embeddable":true,"href":"https:\/\/agora.xtec.cat\/esc-musica-parets\/wp-json\/wp\/v2\/media\/2491"}],"wp:attachment":[{"href":"https:\/\/agora.xtec.cat\/esc-musica-parets\/wp-json\/wp\/v2\/media?parent=2490"}],"wp:term":[{"taxonomy":"category","embeddable":true,"href":"https:\/\/agora.xtec.cat\/esc-musica-parets\/wp-json\/wp\/v2\/categories?post=2490"},{"taxonomy":"post_tag","embeddable":true,"href":"https:\/\/agora.xtec.cat\/esc-musica-parets\/wp-json\/wp\/v2\/tags?post=2490"}],"curies":[{"name":"wp","href":"https:\/\/api.w.org\/{rel}","templated":true}]}}