{"id":2478,"date":"2021-01-21T12:14:46","date_gmt":"2021-01-21T11:14:46","guid":{"rendered":"http:\/\/agora.xtec.cat\/esc-musica-parets\/?p=2478"},"modified":"2021-01-21T12:17:51","modified_gmt":"2021-01-21T11:17:51","slug":"acte-institucional-en-record-a-sergi-mingote-moreno","status":"publish","type":"post","link":"https:\/\/agora.xtec.cat\/esc-musica-parets\/general\/acte-institucional-en-record-a-sergi-mingote-moreno\/","title":{"rendered":"Acte institucional en record de Sergi Mingote Moreno"},"content":{"rendered":"<p>L\u2019Ajuntament de Parets del Vall\u00e8s va organitzar un acte institucional en record de l\u2019alpinista i exalcalde Sergi Mingote Moreno, que va perdre la vida el passat dissabte 16 de gener en un accident al cim del K2. L\u2019acte va tenir lloc el dimecres, 20 de gener, a les 18 h, a la pla\u00e7a de la Vila. Els representants de la fam\u00edlia i de l\u2019Ajuntament de Parets van fer parlaments acompanyats d\u2019interpretacions musicals. Les peces van anar a c\u00e0rrec del director de l\u2019Escola Municipal de M\u00fasica de Parets, Jordi Azagra; el director del Centre d\u2019Estudis Musicals Mar\u00eda Grever de Parets, Ernesto Brice\u00f1o; S\u00edlvia Rovira, presidenta de l\u2019Associaci\u00f3 Amics de l&#8217;\u00d2pera del Vall\u00e8s Oriental i \u00c0lia Herrera, alumna de l&#8217;Escola Municipal de M\u00fasica i membre de la coral junior.<\/p>\n<p>L\u2019acte es va retransmetre en directe al web parets.cat (www.parets.cat\/acte-record-sergi-mingote) i a la p\u00e0gina de Facebook i al canal de YouTube de l\u2019Ajuntament. Podeu veure l&#8217;acte sencer al seg\u00fcent enlla\u00e7:<\/p>\n<p><iframe loading=\"lazy\" src=\"https:\/\/www.youtube.com\/embed\/5cqIaXN4RUI\" width=\"860\" height=\"515\" frameborder=\"0\"><span style=\"display: inline-block; width: 0px; overflow: hidden; line-height: 0;\" data-mce-type=\"bookmark\" class=\"mce_SELRES_start\">\ufeff<\/span><\/iframe><\/p>\n","protected":false},"excerpt":{"rendered":"<p>L\u2019Ajuntament de Parets del Vall\u00e8s va organitzar un acte institucional en record de l\u2019alpinista i exalcalde Sergi Mingote Moreno, que va perdre la vida el passat dissabte 16 de gener en un accident al cim del K2. L\u2019acte va tenir lloc el dimecres, 20 de&hellip;  <a href=\"https:\/\/agora.xtec.cat\/esc-musica-parets\/general\/acte-institucional-en-record-a-sergi-mingote-moreno\/\" title=\"Read Acte institucional en record de Sergi Mingote Moreno\">Llegeix m\u00e9s\u00bb<\/a><\/p>\n","protected":false},"author":1,"featured_media":2482,"comment_status":"open","ping_status":"closed","sticky":false,"template":"","format":"standard","meta":{"_bbp_topic_count":0,"_bbp_reply_count":0,"_bbp_total_topic_count":0,"_bbp_total_reply_count":0,"_bbp_voice_count":0,"_bbp_anonymous_reply_count":0,"_bbp_topic_count_hidden":0,"_bbp_reply_count_hidden":0,"_bbp_forum_subforum_count":0,"footnotes":""},"categories":[1,29],"tags":[151,150,77],"class_list":["post-2478","post","type-post","status-publish","format-standard","has-post-thumbnail","hentry","category-general","category-portada","tag-emm-parets","tag-escola-musica","tag-noticies"],"post_mailing_queue_ids":[],"_links":{"self":[{"href":"https:\/\/agora.xtec.cat\/esc-musica-parets\/wp-json\/wp\/v2\/posts\/2478","targetHints":{"allow":["GET"]}}],"collection":[{"href":"https:\/\/agora.xtec.cat\/esc-musica-parets\/wp-json\/wp\/v2\/posts"}],"about":[{"href":"https:\/\/agora.xtec.cat\/esc-musica-parets\/wp-json\/wp\/v2\/types\/post"}],"author":[{"embeddable":true,"href":"https:\/\/agora.xtec.cat\/esc-musica-parets\/wp-json\/wp\/v2\/users\/1"}],"replies":[{"embeddable":true,"href":"https:\/\/agora.xtec.cat\/esc-musica-parets\/wp-json\/wp\/v2\/comments?post=2478"}],"version-history":[{"count":3,"href":"https:\/\/agora.xtec.cat\/esc-musica-parets\/wp-json\/wp\/v2\/posts\/2478\/revisions"}],"predecessor-version":[{"id":2483,"href":"https:\/\/agora.xtec.cat\/esc-musica-parets\/wp-json\/wp\/v2\/posts\/2478\/revisions\/2483"}],"wp:featuredmedia":[{"embeddable":true,"href":"https:\/\/agora.xtec.cat\/esc-musica-parets\/wp-json\/wp\/v2\/media\/2482"}],"wp:attachment":[{"href":"https:\/\/agora.xtec.cat\/esc-musica-parets\/wp-json\/wp\/v2\/media?parent=2478"}],"wp:term":[{"taxonomy":"category","embeddable":true,"href":"https:\/\/agora.xtec.cat\/esc-musica-parets\/wp-json\/wp\/v2\/categories?post=2478"},{"taxonomy":"post_tag","embeddable":true,"href":"https:\/\/agora.xtec.cat\/esc-musica-parets\/wp-json\/wp\/v2\/tags?post=2478"}],"curies":[{"name":"wp","href":"https:\/\/api.w.org\/{rel}","templated":true}]}}