{"id":2349,"date":"2020-06-04T11:20:38","date_gmt":"2020-06-04T09:20:38","guid":{"rendered":"http:\/\/agora.xtec.cat\/esc-musica-parets\/?p=2349"},"modified":"2020-06-04T11:20:38","modified_gmt":"2020-06-04T09:20:38","slug":"concert-confinat-de-fi-de-curs","status":"publish","type":"post","link":"https:\/\/agora.xtec.cat\/esc-musica-parets\/general\/concert-confinat-de-fi-de-curs\/","title":{"rendered":"CONCERT CONFINAT DE FI DE CURS"},"content":{"rendered":"<p>Davant la situaci\u00f3 actual, no podem fer el concert de fi de curs que ten\u00edem previst i que hav\u00edem comen\u00e7at a preparar ja fa uns mesos. Enguany, aquest concert a trav\u00e9s de totes les seves formacions instrumentals i vocals, volia retre homenatge als temes de la m\u00edtica banda brit\u00e0nica QUEEN.<\/p>\n<p>Ja que aquest concert no ser\u00e0 possible, els professors i professores de l\u2019Escola Municipal de M\u00fasica hem fet un \u201cconcert de confinament\u201d per a tots vosaltres amb un dels temes triats per ser interpretat amb la MACRO-ORQUESTRA, i d\u2019aquesta manera mantenir l\u2019esperit de compartir plegats un moment musical amb tots els alumnes i fam\u00edlies a qui tant trobem a faltar.<\/p>\n<p>Esperem que, en un futur no gaire lluny\u00e0, aquest concert sigui una realitat i ens aplegui a tots junts de nou.<\/p>\n<p style=\"text-align: center;\"><iframe loading=\"lazy\" src=\"https:\/\/www.youtube.com\/embed\/5SPDBA-sy4k\" width=\"560\" height=\"315\" frameborder=\"0\"><\/iframe><\/p>\n","protected":false},"excerpt":{"rendered":"<p>Davant la situaci\u00f3 actual, no podem fer el concert de fi de curs que ten\u00edem previst i que hav\u00edem comen\u00e7at a preparar ja fa uns mesos. Enguany, aquest concert a trav\u00e9s de totes les seves formacions instrumentals i vocals, volia retre homenatge als temes de&hellip;  <a href=\"https:\/\/agora.xtec.cat\/esc-musica-parets\/general\/concert-confinat-de-fi-de-curs\/\" title=\"Read CONCERT CONFINAT DE FI DE CURS\">Llegeix m\u00e9s\u00bb<\/a><\/p>\n","protected":false},"author":1,"featured_media":2350,"comment_status":"open","ping_status":"closed","sticky":false,"template":"","format":"standard","meta":{"_bbp_topic_count":0,"_bbp_reply_count":0,"_bbp_total_topic_count":0,"_bbp_total_reply_count":0,"_bbp_voice_count":0,"_bbp_anonymous_reply_count":0,"_bbp_topic_count_hidden":0,"_bbp_reply_count_hidden":0,"_bbp_forum_subforum_count":0,"footnotes":""},"categories":[1,29],"tags":[100,80,151,150,168,77,152],"class_list":["post-2349","post","type-post","status-publish","format-standard","has-post-thumbnail","hentry","category-general","category-portada","tag-audicions","tag-concert-fi-de-curs","tag-emm-parets","tag-escola-musica","tag-macro-orquestra","tag-noticies","tag-professors"],"post_mailing_queue_ids":[],"_links":{"self":[{"href":"https:\/\/agora.xtec.cat\/esc-musica-parets\/wp-json\/wp\/v2\/posts\/2349","targetHints":{"allow":["GET"]}}],"collection":[{"href":"https:\/\/agora.xtec.cat\/esc-musica-parets\/wp-json\/wp\/v2\/posts"}],"about":[{"href":"https:\/\/agora.xtec.cat\/esc-musica-parets\/wp-json\/wp\/v2\/types\/post"}],"author":[{"embeddable":true,"href":"https:\/\/agora.xtec.cat\/esc-musica-parets\/wp-json\/wp\/v2\/users\/1"}],"replies":[{"embeddable":true,"href":"https:\/\/agora.xtec.cat\/esc-musica-parets\/wp-json\/wp\/v2\/comments?post=2349"}],"version-history":[{"count":1,"href":"https:\/\/agora.xtec.cat\/esc-musica-parets\/wp-json\/wp\/v2\/posts\/2349\/revisions"}],"predecessor-version":[{"id":2351,"href":"https:\/\/agora.xtec.cat\/esc-musica-parets\/wp-json\/wp\/v2\/posts\/2349\/revisions\/2351"}],"wp:featuredmedia":[{"embeddable":true,"href":"https:\/\/agora.xtec.cat\/esc-musica-parets\/wp-json\/wp\/v2\/media\/2350"}],"wp:attachment":[{"href":"https:\/\/agora.xtec.cat\/esc-musica-parets\/wp-json\/wp\/v2\/media?parent=2349"}],"wp:term":[{"taxonomy":"category","embeddable":true,"href":"https:\/\/agora.xtec.cat\/esc-musica-parets\/wp-json\/wp\/v2\/categories?post=2349"},{"taxonomy":"post_tag","embeddable":true,"href":"https:\/\/agora.xtec.cat\/esc-musica-parets\/wp-json\/wp\/v2\/tags?post=2349"}],"curies":[{"name":"wp","href":"https:\/\/api.w.org\/{rel}","templated":true}]}}