{"id":2325,"date":"2020-05-11T11:52:21","date_gmt":"2020-05-11T09:52:21","guid":{"rendered":"http:\/\/agora.xtec.cat\/esc-musica-parets\/?p=2325"},"modified":"2020-05-31T15:41:57","modified_gmt":"2020-05-31T13:41:57","slug":"classes-telematiques-durant-el-confinament-pel-covid19","status":"publish","type":"post","link":"https:\/\/agora.xtec.cat\/esc-musica-parets\/general\/classes-telematiques-durant-el-confinament-pel-covid19\/","title":{"rendered":"Classes telem\u00e0tiques durant el confinament per la COVID-19"},"content":{"rendered":"<p style=\"text-align: left;\">Des de la suspensi\u00f3 de les classes a causa de la COVID-19, l&#8217;Escola Municipal de M\u00fasica ha estat oferint als seus alumnes classes telem\u00e0tiques per tal de no perdre el ritme d&#8217;aprenentatge. En aquest sentit, els diferents professors i professores del centre han ofert als seus alumnes suport en forma telem\u00e0tica, ja sigui a trav\u00e9s de v\u00eddeos i diferent material el\u00b7laborat per ells i elles mateixos en suport al m\u00e9s menuts, fins a classes a temps real a trav\u00e9s d&#8217;Skype o Zoom. Tamb\u00e9 whatsapp ha estat una eina important a l&#8217;hora de poder intercanviar v\u00eddeos per poder avaluar l&#8217;evoluci\u00f3 dels alumnes d&#8217;instrument. En alguns casos, quan la realitat del grup ho ha perm\u00e9s, s&#8217;han fet classes col\u00b7lectives i fins i tot algun que altre concert, compartint experi\u00e8ncies amb altres alumnes i els seus familiars. En espera de que aviat podem restablir el funcionament del centre en ple rendiment, cuideu-vos molt!!!<\/p>\n<p style=\"text-align: center;\"><a href=\"https:\/\/agora.xtec.cat\/esc-musica-parets\/wp-content\/uploads\/usu1283\/2020\/05\/Classes-telem\u00e0tiques.jpg\"><img loading=\"lazy\" decoding=\"async\" class=\"alignnone wp-image-2326\" src=\"https:\/\/agora.xtec.cat\/esc-musica-parets\/wp-content\/uploads\/usu1283\/2020\/05\/Classes-telem\u00e0tiques-1024x728.jpg\" alt=\"\" width=\"781\" height=\"555\" srcset=\"https:\/\/agora.xtec.cat\/esc-musica-parets\/wp-content\/uploads\/usu1283\/2020\/05\/Classes-telem\u00e0tiques-1024x728.jpg 1024w, https:\/\/agora.xtec.cat\/esc-musica-parets\/wp-content\/uploads\/usu1283\/2020\/05\/Classes-telem\u00e0tiques-300x213.jpg 300w, https:\/\/agora.xtec.cat\/esc-musica-parets\/wp-content\/uploads\/usu1283\/2020\/05\/Classes-telem\u00e0tiques-768x546.jpg 768w\" sizes=\"auto, (max-width: 781px) 100vw, 781px\" \/><\/a><\/p>\n","protected":false},"excerpt":{"rendered":"<p>Des de la suspensi\u00f3 de les classes a causa de la COVID-19, l&#8217;Escola Municipal de M\u00fasica ha estat oferint als seus alumnes classes telem\u00e0tiques per tal de no perdre el ritme d&#8217;aprenentatge. En aquest sentit, els diferents professors i professores del centre han ofert als&hellip;  <a href=\"https:\/\/agora.xtec.cat\/esc-musica-parets\/general\/classes-telematiques-durant-el-confinament-pel-covid19\/\" title=\"Read Classes telem\u00e0tiques durant el confinament per la COVID-19\">Llegeix m\u00e9s\u00bb<\/a><\/p>\n","protected":false},"author":1,"featured_media":2326,"comment_status":"open","ping_status":"closed","sticky":false,"template":"","format":"standard","meta":{"_bbp_topic_count":0,"_bbp_reply_count":0,"_bbp_total_topic_count":0,"_bbp_total_reply_count":0,"_bbp_voice_count":0,"_bbp_anonymous_reply_count":0,"_bbp_topic_count_hidden":0,"_bbp_reply_count_hidden":0,"_bbp_forum_subforum_count":0,"footnotes":""},"categories":[1,29],"tags":[170,171,169,151,150,77],"class_list":["post-2325","post","type-post","status-publish","format-standard","has-post-thumbnail","hentry","category-general","category-portada","tag-classes-telematiques","tag-confinament","tag-covid19","tag-emm-parets","tag-escola-musica","tag-noticies"],"post_mailing_queue_ids":[],"_links":{"self":[{"href":"https:\/\/agora.xtec.cat\/esc-musica-parets\/wp-json\/wp\/v2\/posts\/2325","targetHints":{"allow":["GET"]}}],"collection":[{"href":"https:\/\/agora.xtec.cat\/esc-musica-parets\/wp-json\/wp\/v2\/posts"}],"about":[{"href":"https:\/\/agora.xtec.cat\/esc-musica-parets\/wp-json\/wp\/v2\/types\/post"}],"author":[{"embeddable":true,"href":"https:\/\/agora.xtec.cat\/esc-musica-parets\/wp-json\/wp\/v2\/users\/1"}],"replies":[{"embeddable":true,"href":"https:\/\/agora.xtec.cat\/esc-musica-parets\/wp-json\/wp\/v2\/comments?post=2325"}],"version-history":[{"count":2,"href":"https:\/\/agora.xtec.cat\/esc-musica-parets\/wp-json\/wp\/v2\/posts\/2325\/revisions"}],"predecessor-version":[{"id":2345,"href":"https:\/\/agora.xtec.cat\/esc-musica-parets\/wp-json\/wp\/v2\/posts\/2325\/revisions\/2345"}],"wp:featuredmedia":[{"embeddable":true,"href":"https:\/\/agora.xtec.cat\/esc-musica-parets\/wp-json\/wp\/v2\/media\/2326"}],"wp:attachment":[{"href":"https:\/\/agora.xtec.cat\/esc-musica-parets\/wp-json\/wp\/v2\/media?parent=2325"}],"wp:term":[{"taxonomy":"category","embeddable":true,"href":"https:\/\/agora.xtec.cat\/esc-musica-parets\/wp-json\/wp\/v2\/categories?post=2325"},{"taxonomy":"post_tag","embeddable":true,"href":"https:\/\/agora.xtec.cat\/esc-musica-parets\/wp-json\/wp\/v2\/tags?post=2325"}],"curies":[{"name":"wp","href":"https:\/\/api.w.org\/{rel}","templated":true}]}}