{"id":2300,"date":"2020-03-02T18:55:01","date_gmt":"2020-03-02T17:55:01","guid":{"rendered":"http:\/\/agora.xtec.cat\/esc-musica-parets\/?p=2300"},"modified":"2020-03-02T18:57:13","modified_gmt":"2020-03-02T17:57:13","slug":"concert-petits-grans-musics","status":"publish","type":"post","link":"https:\/\/agora.xtec.cat\/esc-musica-parets\/general\/concert-petits-grans-musics\/","title":{"rendered":"Concert &#8220;Petits Grans M\u00fasics&#8221;"},"content":{"rendered":"<p>Dijous 27 de febrer va tenir lloc a l&#8217;auditori de l&#8217;escola municipal de m\u00fasica el concert &#8220;Petits Grans M\u00fasics&#8221; a c\u00e0rrec de J\u00falia Cagig\u00f3s al piano i Laura Torrecillas al violoncel. Aquestes s\u00f3n dues alumnes que, en els tres anys que fa que van comen\u00e7ar l&#8217;estudi dels seus instruments, han demostrat unes molt bones aptituds que, fins i tot, els ha perm\u00e8s introduir-se en el m\u00f3n de la m\u00fasica de cambra a trav\u00e9s del duet que han format orientades pels seus professors d&#8217;instrument. El concert va estar dividit en dues parts: la primera amb intervencions solistes de cadascuna d&#8217;elles i una segona en la qual van tocar dues peces de cambra per a violoncel i piano. Properament, la J\u00falia i la Laura participaran al X\u00e8 concurs de cambra &#8220;Higini Angl\u00e8s&#8221; de Reus en la categoria infantil de fins a 11 anys. Els hi desitgem molta sort, tant en el concurs com en el seu futur musical.<\/p>\n\n\t\t<style type=\"text\/css\">\n\t\t\t#gallery-1 {\n\t\t\t\tmargin: auto;\n\t\t\t}\n\t\t\t#gallery-1 .gallery-item {\n\t\t\t\tfloat: left;\n\t\t\t\tmargin-top: 10px;\n\t\t\t\ttext-align: center;\n\t\t\t\twidth: 50%;\n\t\t\t}\n\t\t\t#gallery-1 img {\n\t\t\t\tborder: 2px solid #cfcfcf;\n\t\t\t}\n\t\t\t#gallery-1 .gallery-caption {\n\t\t\t\tmargin-left: 0;\n\t\t\t}\n\t\t\t\/* see gallery_shortcode() in wp-includes\/media.php *\/\n\t\t<\/style>\n\t\t<div id='gallery-1' class='gallery galleryid-2300 gallery-columns-2 gallery-size-full'><dl class='gallery-item'>\n\t\t\t<dt class='gallery-icon landscape'>\n\t\t\t\t<a href='https:\/\/agora.xtec.cat\/esc-musica-parets\/general\/concert-petits-grans-musics\/attachment\/img_20200227_204318\/'><img loading=\"lazy\" decoding=\"async\" width=\"4160\" height=\"2080\" src=\"https:\/\/agora.xtec.cat\/esc-musica-parets\/wp-content\/uploads\/usu1283\/2020\/03\/IMG_20200227_204318.jpg\" class=\"attachment-full size-full\" alt=\"\" srcset=\"https:\/\/agora.xtec.cat\/esc-musica-parets\/wp-content\/uploads\/usu1283\/2020\/03\/IMG_20200227_204318.jpg 4160w, https:\/\/agora.xtec.cat\/esc-musica-parets\/wp-content\/uploads\/usu1283\/2020\/03\/IMG_20200227_204318-300x150.jpg 300w, https:\/\/agora.xtec.cat\/esc-musica-parets\/wp-content\/uploads\/usu1283\/2020\/03\/IMG_20200227_204318-768x384.jpg 768w, https:\/\/agora.xtec.cat\/esc-musica-parets\/wp-content\/uploads\/usu1283\/2020\/03\/IMG_20200227_204318-1024x512.jpg 1024w\" sizes=\"auto, (max-width: 4160px) 100vw, 4160px\" \/><\/a>\n\t\t\t<\/dt><\/dl><dl class='gallery-item'>\n\t\t\t<dt class='gallery-icon landscape'>\n\t\t\t\t<a href='https:\/\/agora.xtec.cat\/esc-musica-parets\/general\/concert-petits-grans-musics\/attachment\/img_20200227_204537\/'><img loading=\"lazy\" decoding=\"async\" width=\"4160\" height=\"2080\" src=\"https:\/\/agora.xtec.cat\/esc-musica-parets\/wp-content\/uploads\/usu1283\/2020\/03\/IMG_20200227_204537.jpg\" class=\"attachment-full size-full\" alt=\"\" srcset=\"https:\/\/agora.xtec.cat\/esc-musica-parets\/wp-content\/uploads\/usu1283\/2020\/03\/IMG_20200227_204537.jpg 4160w, https:\/\/agora.xtec.cat\/esc-musica-parets\/wp-content\/uploads\/usu1283\/2020\/03\/IMG_20200227_204537-300x150.jpg 300w, https:\/\/agora.xtec.cat\/esc-musica-parets\/wp-content\/uploads\/usu1283\/2020\/03\/IMG_20200227_204537-768x384.jpg 768w, https:\/\/agora.xtec.cat\/esc-musica-parets\/wp-content\/uploads\/usu1283\/2020\/03\/IMG_20200227_204537-1024x512.jpg 1024w\" sizes=\"auto, (max-width: 4160px) 100vw, 4160px\" \/><\/a>\n\t\t\t<\/dt><\/dl><br style=\"clear: both\" \/><dl class='gallery-item'>\n\t\t\t<dt class='gallery-icon landscape'>\n\t\t\t\t<a href='https:\/\/agora.xtec.cat\/esc-musica-parets\/general\/concert-petits-grans-musics\/attachment\/img_20200227_205458\/'><img loading=\"lazy\" decoding=\"async\" width=\"4160\" height=\"2080\" src=\"https:\/\/agora.xtec.cat\/esc-musica-parets\/wp-content\/uploads\/usu1283\/2020\/03\/IMG_20200227_205458.jpg\" class=\"attachment-full size-full\" alt=\"\" srcset=\"https:\/\/agora.xtec.cat\/esc-musica-parets\/wp-content\/uploads\/usu1283\/2020\/03\/IMG_20200227_205458.jpg 4160w, https:\/\/agora.xtec.cat\/esc-musica-parets\/wp-content\/uploads\/usu1283\/2020\/03\/IMG_20200227_205458-300x150.jpg 300w, https:\/\/agora.xtec.cat\/esc-musica-parets\/wp-content\/uploads\/usu1283\/2020\/03\/IMG_20200227_205458-768x384.jpg 768w, https:\/\/agora.xtec.cat\/esc-musica-parets\/wp-content\/uploads\/usu1283\/2020\/03\/IMG_20200227_205458-1024x512.jpg 1024w\" sizes=\"auto, (max-width: 4160px) 100vw, 4160px\" \/><\/a>\n\t\t\t<\/dt><\/dl><dl class='gallery-item'>\n\t\t\t<dt class='gallery-icon landscape'>\n\t\t\t\t<a href='https:\/\/agora.xtec.cat\/esc-musica-parets\/general\/concert-petits-grans-musics\/attachment\/img_20200227_205506\/'><img loading=\"lazy\" decoding=\"async\" width=\"4160\" height=\"2080\" src=\"https:\/\/agora.xtec.cat\/esc-musica-parets\/wp-content\/uploads\/usu1283\/2020\/03\/IMG_20200227_205506.jpg\" class=\"attachment-full size-full\" alt=\"\" srcset=\"https:\/\/agora.xtec.cat\/esc-musica-parets\/wp-content\/uploads\/usu1283\/2020\/03\/IMG_20200227_205506.jpg 4160w, https:\/\/agora.xtec.cat\/esc-musica-parets\/wp-content\/uploads\/usu1283\/2020\/03\/IMG_20200227_205506-300x150.jpg 300w, https:\/\/agora.xtec.cat\/esc-musica-parets\/wp-content\/uploads\/usu1283\/2020\/03\/IMG_20200227_205506-768x384.jpg 768w, https:\/\/agora.xtec.cat\/esc-musica-parets\/wp-content\/uploads\/usu1283\/2020\/03\/IMG_20200227_205506-1024x512.jpg 1024w\" sizes=\"auto, (max-width: 4160px) 100vw, 4160px\" \/><\/a>\n\t\t\t<\/dt><\/dl><br style=\"clear: both\" \/>\n\t\t<\/div>\n\n","protected":false},"excerpt":{"rendered":"<p>Dijous 27 de febrer va tenir lloc a l&#8217;auditori de l&#8217;escola municipal de m\u00fasica el concert &#8220;Petits Grans M\u00fasics&#8221; a c\u00e0rrec de J\u00falia Cagig\u00f3s al piano i Laura Torrecillas al violoncel. Aquestes s\u00f3n dues alumnes que, en els tres anys que fa que van comen\u00e7ar&hellip;  <a href=\"https:\/\/agora.xtec.cat\/esc-musica-parets\/general\/concert-petits-grans-musics\/\" title=\"Read Concert &#8220;Petits Grans M\u00fasics&#8221;\">Llegeix m\u00e9s\u00bb<\/a><\/p>\n","protected":false},"author":1,"featured_media":2307,"comment_status":"open","ping_status":"closed","sticky":false,"template":"","format":"standard","meta":{"_bbp_topic_count":0,"_bbp_reply_count":0,"_bbp_total_topic_count":0,"_bbp_total_reply_count":0,"_bbp_voice_count":0,"_bbp_anonymous_reply_count":0,"_bbp_topic_count_hidden":0,"_bbp_reply_count_hidden":0,"_bbp_forum_subforum_count":0,"footnotes":""},"categories":[1,29],"tags":[151,150,77],"class_list":["post-2300","post","type-post","status-publish","format-standard","has-post-thumbnail","hentry","category-general","category-portada","tag-emm-parets","tag-escola-musica","tag-noticies"],"post_mailing_queue_ids":[],"_links":{"self":[{"href":"https:\/\/agora.xtec.cat\/esc-musica-parets\/wp-json\/wp\/v2\/posts\/2300","targetHints":{"allow":["GET"]}}],"collection":[{"href":"https:\/\/agora.xtec.cat\/esc-musica-parets\/wp-json\/wp\/v2\/posts"}],"about":[{"href":"https:\/\/agora.xtec.cat\/esc-musica-parets\/wp-json\/wp\/v2\/types\/post"}],"author":[{"embeddable":true,"href":"https:\/\/agora.xtec.cat\/esc-musica-parets\/wp-json\/wp\/v2\/users\/1"}],"replies":[{"embeddable":true,"href":"https:\/\/agora.xtec.cat\/esc-musica-parets\/wp-json\/wp\/v2\/comments?post=2300"}],"version-history":[{"count":2,"href":"https:\/\/agora.xtec.cat\/esc-musica-parets\/wp-json\/wp\/v2\/posts\/2300\/revisions"}],"predecessor-version":[{"id":2310,"href":"https:\/\/agora.xtec.cat\/esc-musica-parets\/wp-json\/wp\/v2\/posts\/2300\/revisions\/2310"}],"wp:featuredmedia":[{"embeddable":true,"href":"https:\/\/agora.xtec.cat\/esc-musica-parets\/wp-json\/wp\/v2\/media\/2307"}],"wp:attachment":[{"href":"https:\/\/agora.xtec.cat\/esc-musica-parets\/wp-json\/wp\/v2\/media?parent=2300"}],"wp:term":[{"taxonomy":"category","embeddable":true,"href":"https:\/\/agora.xtec.cat\/esc-musica-parets\/wp-json\/wp\/v2\/categories?post=2300"},{"taxonomy":"post_tag","embeddable":true,"href":"https:\/\/agora.xtec.cat\/esc-musica-parets\/wp-json\/wp\/v2\/tags?post=2300"}],"curies":[{"name":"wp","href":"https:\/\/api.w.org\/{rel}","templated":true}]}}