{"id":2260,"date":"2020-01-29T18:05:52","date_gmt":"2020-01-29T17:05:52","guid":{"rendered":"http:\/\/agora.xtec.cat\/esc-musica-parets\/?p=2260"},"modified":"2020-01-29T18:07:52","modified_gmt":"2020-01-29T17:07:52","slug":"canta-parets-2020-un-nou-exit","status":"publish","type":"post","link":"https:\/\/agora.xtec.cat\/esc-musica-parets\/general\/canta-parets-2020-un-nou-exit\/","title":{"rendered":"CANTA Parets! 2020. Un nou \u00e8xit!"},"content":{"rendered":"<p>El passat divendres 24 de gener, coincidint amb l&#8217;inici de la Festa Major d&#8217;Hivern, els nens i nenes de P5 dels col\u00b7legis de Parets del Vall\u00e8s van ser, un any m\u00e9s. els protagonistes al projecte CANTA Parets! impulsat, organitzat i coordinat per l&#8217;Escola Municipal de M\u00fasica. Es tracta d&#8217;una activitat de poble que engloba a tots els centres de prim\u00e0ria del municipi i que, coordinats per l&#8217;escola de m\u00fasica, s&#8217;encarreguen d&#8217;interpretar cada any una cantata que aplega a m\u00e9s de 200 cantaires. Enguany la cantata triada ha estat &#8220;Sentiments i emocions&#8221;, un recull de can\u00e7ons que, lligades a un conte a mode de narraci\u00f3, expliquen aquells sentiments i emocions que ens envolten en el dia a dia com la felicitat, la vergonya, la por o el mal humor.<\/p>\n<p>El concert es va fer al pavell\u00f3 municipal d&#8217;esports donada la gran aflu\u00e8ncia de p\u00fablic que genera aquest esdeveniment. Aquesta ha estat la sisena edici\u00f3 d&#8217;aquest projecte que es va iniciar l&#8217;any 2015.<\/p>\n<p>Podeu veure el reportatge fotogr\u00e0fic en <a href=\"http:\/\/ow.ly\/Ulrc30qdcpj\">aquest enlla\u00e7<\/a><\/p>\n<p><a href=\"https:\/\/agora.xtec.cat\/esc-musica-parets\/wp-content\/uploads\/usu1283\/2020\/01\/200124-cantaparets-web92_49458251663_o.jpg\"><img loading=\"lazy\" decoding=\"async\" class=\"alignnone size-full wp-image-2261\" src=\"https:\/\/agora.xtec.cat\/esc-musica-parets\/wp-content\/uploads\/usu1283\/2020\/01\/200124-cantaparets-web92_49458251663_o.jpg\" alt=\"\" width=\"900\" height=\"600\" srcset=\"https:\/\/agora.xtec.cat\/esc-musica-parets\/wp-content\/uploads\/usu1283\/2020\/01\/200124-cantaparets-web92_49458251663_o.jpg 900w, https:\/\/agora.xtec.cat\/esc-musica-parets\/wp-content\/uploads\/usu1283\/2020\/01\/200124-cantaparets-web92_49458251663_o-300x200.jpg 300w, https:\/\/agora.xtec.cat\/esc-musica-parets\/wp-content\/uploads\/usu1283\/2020\/01\/200124-cantaparets-web92_49458251663_o-768x512.jpg 768w\" sizes=\"auto, (max-width: 900px) 100vw, 900px\" \/><\/a><\/p>\n","protected":false},"excerpt":{"rendered":"<p>El passat divendres 24 de gener, coincidint amb l&#8217;inici de la Festa Major d&#8217;Hivern, els nens i nenes de P5 dels col\u00b7legis de Parets del Vall\u00e8s van ser, un any m\u00e9s. els protagonistes al projecte CANTA Parets! impulsat, organitzat i coordinat per l&#8217;Escola Municipal de&hellip;  <a href=\"https:\/\/agora.xtec.cat\/esc-musica-parets\/general\/canta-parets-2020-un-nou-exit\/\" title=\"Read CANTA Parets! 2020. Un nou \u00e8xit!\">Llegeix m\u00e9s\u00bb<\/a><\/p>\n","protected":false},"author":1,"featured_media":2263,"comment_status":"open","ping_status":"closed","sticky":false,"template":"","format":"standard","meta":{"_bbp_topic_count":0,"_bbp_reply_count":0,"_bbp_total_topic_count":0,"_bbp_total_reply_count":0,"_bbp_voice_count":0,"_bbp_anonymous_reply_count":0,"_bbp_topic_count_hidden":0,"_bbp_reply_count_hidden":0,"_bbp_forum_subforum_count":0,"footnotes":""},"categories":[1,29],"tags":[131,151,150,77,152],"class_list":["post-2260","post","type-post","status-publish","format-standard","has-post-thumbnail","hentry","category-general","category-portada","tag-canta-parets","tag-emm-parets","tag-escola-musica","tag-noticies","tag-professors"],"post_mailing_queue_ids":[],"_links":{"self":[{"href":"https:\/\/agora.xtec.cat\/esc-musica-parets\/wp-json\/wp\/v2\/posts\/2260","targetHints":{"allow":["GET"]}}],"collection":[{"href":"https:\/\/agora.xtec.cat\/esc-musica-parets\/wp-json\/wp\/v2\/posts"}],"about":[{"href":"https:\/\/agora.xtec.cat\/esc-musica-parets\/wp-json\/wp\/v2\/types\/post"}],"author":[{"embeddable":true,"href":"https:\/\/agora.xtec.cat\/esc-musica-parets\/wp-json\/wp\/v2\/users\/1"}],"replies":[{"embeddable":true,"href":"https:\/\/agora.xtec.cat\/esc-musica-parets\/wp-json\/wp\/v2\/comments?post=2260"}],"version-history":[{"count":2,"href":"https:\/\/agora.xtec.cat\/esc-musica-parets\/wp-json\/wp\/v2\/posts\/2260\/revisions"}],"predecessor-version":[{"id":2265,"href":"https:\/\/agora.xtec.cat\/esc-musica-parets\/wp-json\/wp\/v2\/posts\/2260\/revisions\/2265"}],"wp:featuredmedia":[{"embeddable":true,"href":"https:\/\/agora.xtec.cat\/esc-musica-parets\/wp-json\/wp\/v2\/media\/2263"}],"wp:attachment":[{"href":"https:\/\/agora.xtec.cat\/esc-musica-parets\/wp-json\/wp\/v2\/media?parent=2260"}],"wp:term":[{"taxonomy":"category","embeddable":true,"href":"https:\/\/agora.xtec.cat\/esc-musica-parets\/wp-json\/wp\/v2\/categories?post=2260"},{"taxonomy":"post_tag","embeddable":true,"href":"https:\/\/agora.xtec.cat\/esc-musica-parets\/wp-json\/wp\/v2\/tags?post=2260"}],"curies":[{"name":"wp","href":"https:\/\/api.w.org\/{rel}","templated":true}]}}