{"id":2241,"date":"2019-12-13T20:34:40","date_gmt":"2019-12-13T19:34:40","guid":{"rendered":"http:\/\/agora.xtec.cat\/esc-musica-parets\/?p=2241"},"modified":"2019-12-13T20:34:40","modified_gmt":"2019-12-13T19:34:40","slug":"concert-de-nadal-al-teatre-can-rajoler-2","status":"publish","type":"post","link":"https:\/\/agora.xtec.cat\/esc-musica-parets\/general\/concert-de-nadal-al-teatre-can-rajoler-2\/","title":{"rendered":"Concert de Nadal al teatre Can Rajoler"},"content":{"rendered":"<p>Un any m\u00e9s, el dijous 5 de desembre va tenir lloc al teatre municipal Can Rajoler el Concert de Nadal de l&#8217;Escola Municipal de M\u00fasica, un concert que ja esdev\u00e9 una tradici\u00f3 en aquestes dates.<\/p>\n<p>Hi van participar les grans formacions de l&#8217;escola, tant instrumentals com l&#8217;orquestra de guitarres o el combo, com les tres corals (infantil, junior i adults) a m\u00e9s de la participaci\u00f3 dels alumnes del programa B\u00e0sic 1 que han iniciat els seus estudis musicals enguany. Totes les formacions van exposar el millor del repertori treballat en aquest primer trimestre, i acompanyats en moltes ocasions per bases instrumentals a c\u00e0rrec de professors i professores de l&#8217;escola.<\/p>\n<p>Per acabar el concert, una nova edici\u00f3 de la Macro-Orquestra va interpretar la Marxa Radetzky de Johann Strauss com a bon punt i final dels concerts que es celebren en aquestes dates. Enguany els int\u00e8rprets tenien edats molt baixes i per a molts va ser el seu primer concert en grup, fet que va augmentar les expectatives. Tot i aix\u00ed va ser un \u00e8xit, tant pels m\u00fasics com pel p\u00fablic. Aquest tipus d&#8217;experi\u00e8ncies fan cr\u00e9ixer l&#8217;amor per la m\u00fasica i motiva als infants (i als pares!)<\/p>\n\n\t\t<style type=\"text\/css\">\n\t\t\t#gallery-1 {\n\t\t\t\tmargin: auto;\n\t\t\t}\n\t\t\t#gallery-1 .gallery-item {\n\t\t\t\tfloat: left;\n\t\t\t\tmargin-top: 10px;\n\t\t\t\ttext-align: center;\n\t\t\t\twidth: 33%;\n\t\t\t}\n\t\t\t#gallery-1 img {\n\t\t\t\tborder: 2px solid #cfcfcf;\n\t\t\t}\n\t\t\t#gallery-1 .gallery-caption {\n\t\t\t\tmargin-left: 0;\n\t\t\t}\n\t\t\t\/* see gallery_shortcode() in wp-includes\/media.php *\/\n\t\t<\/style>\n\t\t<div id='gallery-1' class='gallery galleryid-2241 gallery-columns-3 gallery-size-full'><dl class='gallery-item'>\n\t\t\t<dt class='gallery-icon landscape'>\n\t\t\t\t<a href='https:\/\/agora.xtec.cat\/esc-musica-parets\/general\/concert-de-nadal-al-teatre-can-rajoler-2\/attachment\/78599789_2513445215568884_3167784710059327488_o\/'><img loading=\"lazy\" decoding=\"async\" width=\"960\" height=\"640\" src=\"https:\/\/agora.xtec.cat\/esc-musica-parets\/wp-content\/uploads\/usu1283\/2019\/12\/78599789_2513445215568884_3167784710059327488_o.jpg\" class=\"attachment-full size-full\" alt=\"\" srcset=\"https:\/\/agora.xtec.cat\/esc-musica-parets\/wp-content\/uploads\/usu1283\/2019\/12\/78599789_2513445215568884_3167784710059327488_o.jpg 960w, https:\/\/agora.xtec.cat\/esc-musica-parets\/wp-content\/uploads\/usu1283\/2019\/12\/78599789_2513445215568884_3167784710059327488_o-300x200.jpg 300w, https:\/\/agora.xtec.cat\/esc-musica-parets\/wp-content\/uploads\/usu1283\/2019\/12\/78599789_2513445215568884_3167784710059327488_o-768x512.jpg 768w\" sizes=\"auto, (max-width: 960px) 100vw, 960px\" \/><\/a>\n\t\t\t<\/dt><\/dl><dl class='gallery-item'>\n\t\t\t<dt class='gallery-icon landscape'>\n\t\t\t\t<a href='https:\/\/agora.xtec.cat\/esc-musica-parets\/general\/concert-de-nadal-al-teatre-can-rajoler-2\/attachment\/78348917_2513445208902218_4485067294459822080_o\/'><img loading=\"lazy\" decoding=\"async\" width=\"960\" height=\"632\" src=\"https:\/\/agora.xtec.cat\/esc-musica-parets\/wp-content\/uploads\/usu1283\/2019\/12\/78348917_2513445208902218_4485067294459822080_o.jpg\" class=\"attachment-full size-full\" alt=\"\" srcset=\"https:\/\/agora.xtec.cat\/esc-musica-parets\/wp-content\/uploads\/usu1283\/2019\/12\/78348917_2513445208902218_4485067294459822080_o.jpg 960w, https:\/\/agora.xtec.cat\/esc-musica-parets\/wp-content\/uploads\/usu1283\/2019\/12\/78348917_2513445208902218_4485067294459822080_o-300x198.jpg 300w, https:\/\/agora.xtec.cat\/esc-musica-parets\/wp-content\/uploads\/usu1283\/2019\/12\/78348917_2513445208902218_4485067294459822080_o-768x506.jpg 768w\" sizes=\"auto, (max-width: 960px) 100vw, 960px\" \/><\/a>\n\t\t\t<\/dt><\/dl><dl class='gallery-item'>\n\t\t\t<dt class='gallery-icon landscape'>\n\t\t\t\t<a href='https:\/\/agora.xtec.cat\/esc-musica-parets\/general\/concert-de-nadal-al-teatre-can-rajoler-2\/attachment\/76968007_2513445455568860_7024844420528734208_o\/'><img loading=\"lazy\" decoding=\"async\" width=\"960\" height=\"652\" src=\"https:\/\/agora.xtec.cat\/esc-musica-parets\/wp-content\/uploads\/usu1283\/2019\/12\/76968007_2513445455568860_7024844420528734208_o.jpg\" class=\"attachment-full size-full\" alt=\"\" srcset=\"https:\/\/agora.xtec.cat\/esc-musica-parets\/wp-content\/uploads\/usu1283\/2019\/12\/76968007_2513445455568860_7024844420528734208_o.jpg 960w, https:\/\/agora.xtec.cat\/esc-musica-parets\/wp-content\/uploads\/usu1283\/2019\/12\/76968007_2513445455568860_7024844420528734208_o-300x204.jpg 300w, https:\/\/agora.xtec.cat\/esc-musica-parets\/wp-content\/uploads\/usu1283\/2019\/12\/76968007_2513445455568860_7024844420528734208_o-768x522.jpg 768w\" sizes=\"auto, (max-width: 960px) 100vw, 960px\" \/><\/a>\n\t\t\t<\/dt><\/dl><br style=\"clear: both\" \/><dl class='gallery-item'>\n\t\t\t<dt class='gallery-icon landscape'>\n\t\t\t\t<a href='https:\/\/agora.xtec.cat\/esc-musica-parets\/general\/concert-de-nadal-al-teatre-can-rajoler-2\/attachment\/78392750_2513445198902219_320697829238505472_o\/'><img loading=\"lazy\" decoding=\"async\" width=\"960\" height=\"640\" src=\"https:\/\/agora.xtec.cat\/esc-musica-parets\/wp-content\/uploads\/usu1283\/2019\/12\/78392750_2513445198902219_320697829238505472_o.jpg\" class=\"attachment-full size-full\" alt=\"\" srcset=\"https:\/\/agora.xtec.cat\/esc-musica-parets\/wp-content\/uploads\/usu1283\/2019\/12\/78392750_2513445198902219_320697829238505472_o.jpg 960w, https:\/\/agora.xtec.cat\/esc-musica-parets\/wp-content\/uploads\/usu1283\/2019\/12\/78392750_2513445198902219_320697829238505472_o-300x200.jpg 300w, https:\/\/agora.xtec.cat\/esc-musica-parets\/wp-content\/uploads\/usu1283\/2019\/12\/78392750_2513445198902219_320697829238505472_o-768x512.jpg 768w\" sizes=\"auto, (max-width: 960px) 100vw, 960px\" \/><\/a>\n\t\t\t<\/dt><\/dl><dl class='gallery-item'>\n\t\t\t<dt class='gallery-icon landscape'>\n\t\t\t\t<a href='https:\/\/agora.xtec.cat\/esc-musica-parets\/general\/concert-de-nadal-al-teatre-can-rajoler-2\/attachment\/78839140_2513445632235509_3169280565564145664_o\/'><img loading=\"lazy\" decoding=\"async\" width=\"960\" height=\"640\" src=\"https:\/\/agora.xtec.cat\/esc-musica-parets\/wp-content\/uploads\/usu1283\/2019\/12\/78839140_2513445632235509_3169280565564145664_o.jpg\" class=\"attachment-full size-full\" alt=\"\" srcset=\"https:\/\/agora.xtec.cat\/esc-musica-parets\/wp-content\/uploads\/usu1283\/2019\/12\/78839140_2513445632235509_3169280565564145664_o.jpg 960w, https:\/\/agora.xtec.cat\/esc-musica-parets\/wp-content\/uploads\/usu1283\/2019\/12\/78839140_2513445632235509_3169280565564145664_o-300x200.jpg 300w, https:\/\/agora.xtec.cat\/esc-musica-parets\/wp-content\/uploads\/usu1283\/2019\/12\/78839140_2513445632235509_3169280565564145664_o-768x512.jpg 768w\" sizes=\"auto, (max-width: 960px) 100vw, 960px\" \/><\/a>\n\t\t\t<\/dt><\/dl><dl class='gallery-item'>\n\t\t\t<dt class='gallery-icon landscape'>\n\t\t\t\t<a href='https:\/\/agora.xtec.cat\/esc-musica-parets\/general\/concert-de-nadal-al-teatre-can-rajoler-2\/attachment\/79733154_2513445472235525_4684639405204307968_o\/'><img loading=\"lazy\" decoding=\"async\" width=\"960\" height=\"640\" src=\"https:\/\/agora.xtec.cat\/esc-musica-parets\/wp-content\/uploads\/usu1283\/2019\/12\/79733154_2513445472235525_4684639405204307968_o.jpg\" class=\"attachment-full size-full\" alt=\"\" srcset=\"https:\/\/agora.xtec.cat\/esc-musica-parets\/wp-content\/uploads\/usu1283\/2019\/12\/79733154_2513445472235525_4684639405204307968_o.jpg 960w, https:\/\/agora.xtec.cat\/esc-musica-parets\/wp-content\/uploads\/usu1283\/2019\/12\/79733154_2513445472235525_4684639405204307968_o-300x200.jpg 300w, https:\/\/agora.xtec.cat\/esc-musica-parets\/wp-content\/uploads\/usu1283\/2019\/12\/79733154_2513445472235525_4684639405204307968_o-768x512.jpg 768w\" sizes=\"auto, (max-width: 960px) 100vw, 960px\" \/><\/a>\n\t\t\t<\/dt><\/dl><br style=\"clear: both\" \/>\n\t\t<\/div>\n\n","protected":false},"excerpt":{"rendered":"<p>Un any m\u00e9s, el dijous 5 de desembre va tenir lloc al teatre municipal Can Rajoler el Concert de Nadal de l&#8217;Escola Municipal de M\u00fasica, un concert que ja esdev\u00e9 una tradici\u00f3 en aquestes dates.<br \/>\nHi van participar les grans formacions de l&#8217;escola, tant instrumentals com&hellip;  <a href=\"https:\/\/agora.xtec.cat\/esc-musica-parets\/general\/concert-de-nadal-al-teatre-can-rajoler-2\/\" title=\"Read Concert de Nadal al teatre Can Rajoler\">Llegeix m\u00e9s\u00bb<\/a><\/p>\n","protected":false},"author":1,"featured_media":2245,"comment_status":"open","ping_status":"closed","sticky":false,"template":"","format":"standard","meta":{"_bbp_topic_count":0,"_bbp_reply_count":0,"_bbp_total_topic_count":0,"_bbp_total_reply_count":0,"_bbp_voice_count":0,"_bbp_anonymous_reply_count":0,"_bbp_topic_count_hidden":0,"_bbp_reply_count_hidden":0,"_bbp_forum_subforum_count":0,"footnotes":""},"categories":[1,29],"tags":[100,83,151,150,168,149,133,77],"class_list":["post-2241","post","type-post","status-publish","format-standard","has-post-thumbnail","hentry","category-general","category-portada","tag-audicions","tag-corals","tag-emm-parets","tag-escola-musica","tag-macro-orquestra","tag-musica","tag-nadal","tag-noticies"],"post_mailing_queue_ids":[],"_links":{"self":[{"href":"https:\/\/agora.xtec.cat\/esc-musica-parets\/wp-json\/wp\/v2\/posts\/2241","targetHints":{"allow":["GET"]}}],"collection":[{"href":"https:\/\/agora.xtec.cat\/esc-musica-parets\/wp-json\/wp\/v2\/posts"}],"about":[{"href":"https:\/\/agora.xtec.cat\/esc-musica-parets\/wp-json\/wp\/v2\/types\/post"}],"author":[{"embeddable":true,"href":"https:\/\/agora.xtec.cat\/esc-musica-parets\/wp-json\/wp\/v2\/users\/1"}],"replies":[{"embeddable":true,"href":"https:\/\/agora.xtec.cat\/esc-musica-parets\/wp-json\/wp\/v2\/comments?post=2241"}],"version-history":[{"count":1,"href":"https:\/\/agora.xtec.cat\/esc-musica-parets\/wp-json\/wp\/v2\/posts\/2241\/revisions"}],"predecessor-version":[{"id":2248,"href":"https:\/\/agora.xtec.cat\/esc-musica-parets\/wp-json\/wp\/v2\/posts\/2241\/revisions\/2248"}],"wp:featuredmedia":[{"embeddable":true,"href":"https:\/\/agora.xtec.cat\/esc-musica-parets\/wp-json\/wp\/v2\/media\/2245"}],"wp:attachment":[{"href":"https:\/\/agora.xtec.cat\/esc-musica-parets\/wp-json\/wp\/v2\/media?parent=2241"}],"wp:term":[{"taxonomy":"category","embeddable":true,"href":"https:\/\/agora.xtec.cat\/esc-musica-parets\/wp-json\/wp\/v2\/categories?post=2241"},{"taxonomy":"post_tag","embeddable":true,"href":"https:\/\/agora.xtec.cat\/esc-musica-parets\/wp-json\/wp\/v2\/tags?post=2241"}],"curies":[{"name":"wp","href":"https:\/\/api.w.org\/{rel}","templated":true}]}}