{"id":2218,"date":"2019-11-08T19:29:58","date_gmt":"2019-11-08T18:29:58","guid":{"rendered":"http:\/\/agora.xtec.cat\/esc-musica-parets\/?p=2218"},"modified":"2019-11-08T20:15:28","modified_gmt":"2019-11-08T19:15:28","slug":"la-coral-junior-canta-a-gerard-quintana","status":"publish","type":"post","link":"https:\/\/agora.xtec.cat\/esc-musica-parets\/general\/la-coral-junior-canta-a-gerard-quintana\/","title":{"rendered":"La coral junior canta a Gerard Quintana"},"content":{"rendered":"<p>El dijous 7 de novembre, el cantant i escriptor giron\u00ed Gerard Quintana va venir a la biblioteca municipal Can Rajoler de Parets del Vall\u00e8s a presentar el seu primer llibre &#8220;Entre el cel i la terra&#8221;, una novel\u00b7la basada en la Barcelona dels anys 50. La presentaci\u00f3 va tenir un p\u00fablic nombr\u00f3s al llarg de la qual, en Gerard Quintana va tenir espai per narrar an\u00e8cdotes de la seva vida personal aix\u00ed com explicar les claus m\u00e9s interessants que inclouen la seva obra. Donada la traject\u00f2ria musical de l&#8217;autor com a cantant i lletrista de &#8220;Sopa de Cabra&#8221;, la coral junior, acompanyats al piano per Jordi Azagra, van interpretar el tema &#8220;Camins&#8221; com a obertura de l&#8217;acte. Donat que el mateix Quintana havia fet una selecci\u00f3 musical per acompanyar el seu llibre que inclou moltes refer\u00e8ncia musicals, la clausura de l&#8217;acte es va fer amb una altra interpretaci\u00f3 de la coral junior amb &#8220;Someday my Prince will come&#8221;, un dels temes principals de la pel\u00b7l\u00edcula &#8220;La Blancaneus&#8221;. La coral junior, dirigida per la professora de l&#8217;escola Montse Navarro, t\u00e9 una traject\u00f2ria molt bona des dels seus inicis que els va portat a guanyar la segona edici\u00f3 del concurs &#8220;Talent Parets&#8221;<\/p>\n\n\t\t<style type=\"text\/css\">\n\t\t\t#gallery-1 {\n\t\t\t\tmargin: auto;\n\t\t\t}\n\t\t\t#gallery-1 .gallery-item {\n\t\t\t\tfloat: left;\n\t\t\t\tmargin-top: 10px;\n\t\t\t\ttext-align: center;\n\t\t\t\twidth: 50%;\n\t\t\t}\n\t\t\t#gallery-1 img {\n\t\t\t\tborder: 2px solid #cfcfcf;\n\t\t\t}\n\t\t\t#gallery-1 .gallery-caption {\n\t\t\t\tmargin-left: 0;\n\t\t\t}\n\t\t\t\/* see gallery_shortcode() in wp-includes\/media.php *\/\n\t\t<\/style>\n\t\t<div id='gallery-1' class='gallery galleryid-2218 gallery-columns-2 gallery-size-large'><dl class='gallery-item'>\n\t\t\t<dt class='gallery-icon landscape'>\n\t\t\t\t<a href='https:\/\/agora.xtec.cat\/esc-musica-parets\/general\/la-coral-junior-canta-a-gerard-quintana\/attachment\/img_20191107_192958\/'><img loading=\"lazy\" decoding=\"async\" width=\"1024\" height=\"512\" src=\"https:\/\/agora.xtec.cat\/esc-musica-parets\/wp-content\/uploads\/usu1283\/2019\/11\/IMG_20191107_192958-1024x512.jpg\" class=\"attachment-large size-large\" alt=\"\" srcset=\"https:\/\/agora.xtec.cat\/esc-musica-parets\/wp-content\/uploads\/usu1283\/2019\/11\/IMG_20191107_192958-1024x512.jpg 1024w, https:\/\/agora.xtec.cat\/esc-musica-parets\/wp-content\/uploads\/usu1283\/2019\/11\/IMG_20191107_192958-300x150.jpg 300w, https:\/\/agora.xtec.cat\/esc-musica-parets\/wp-content\/uploads\/usu1283\/2019\/11\/IMG_20191107_192958-768x384.jpg 768w\" sizes=\"auto, (max-width: 1024px) 100vw, 1024px\" \/><\/a>\n\t\t\t<\/dt><\/dl><dl class='gallery-item'>\n\t\t\t<dt class='gallery-icon landscape'>\n\t\t\t\t<a href='https:\/\/agora.xtec.cat\/esc-musica-parets\/general\/la-coral-junior-canta-a-gerard-quintana\/attachment\/img_20191107_192950\/'><img loading=\"lazy\" decoding=\"async\" width=\"1024\" height=\"512\" src=\"https:\/\/agora.xtec.cat\/esc-musica-parets\/wp-content\/uploads\/usu1283\/2019\/11\/IMG_20191107_192950-1024x512.jpg\" class=\"attachment-large size-large\" alt=\"\" srcset=\"https:\/\/agora.xtec.cat\/esc-musica-parets\/wp-content\/uploads\/usu1283\/2019\/11\/IMG_20191107_192950-1024x512.jpg 1024w, https:\/\/agora.xtec.cat\/esc-musica-parets\/wp-content\/uploads\/usu1283\/2019\/11\/IMG_20191107_192950-300x150.jpg 300w, https:\/\/agora.xtec.cat\/esc-musica-parets\/wp-content\/uploads\/usu1283\/2019\/11\/IMG_20191107_192950-768x384.jpg 768w\" sizes=\"auto, (max-width: 1024px) 100vw, 1024px\" \/><\/a>\n\t\t\t<\/dt><\/dl><br style=\"clear: both\" \/><dl class='gallery-item'>\n\t\t\t<dt class='gallery-icon landscape'>\n\t\t\t\t<a href='https:\/\/agora.xtec.cat\/esc-musica-parets\/general\/la-coral-junior-canta-a-gerard-quintana\/attachment\/img_20191107_202940_burst002b\/'><img loading=\"lazy\" decoding=\"async\" width=\"1024\" height=\"512\" src=\"https:\/\/agora.xtec.cat\/esc-musica-parets\/wp-content\/uploads\/usu1283\/2019\/11\/IMG_20191107_202940_BURST002b-1024x512.jpg\" class=\"attachment-large size-large\" alt=\"\" srcset=\"https:\/\/agora.xtec.cat\/esc-musica-parets\/wp-content\/uploads\/usu1283\/2019\/11\/IMG_20191107_202940_BURST002b-1024x512.jpg 1024w, https:\/\/agora.xtec.cat\/esc-musica-parets\/wp-content\/uploads\/usu1283\/2019\/11\/IMG_20191107_202940_BURST002b-300x150.jpg 300w, https:\/\/agora.xtec.cat\/esc-musica-parets\/wp-content\/uploads\/usu1283\/2019\/11\/IMG_20191107_202940_BURST002b-768x384.jpg 768w\" sizes=\"auto, (max-width: 1024px) 100vw, 1024px\" \/><\/a>\n\t\t\t<\/dt><\/dl><dl class='gallery-item'>\n\t\t\t<dt class='gallery-icon landscape'>\n\t\t\t\t<a href='https:\/\/agora.xtec.cat\/esc-musica-parets\/general\/la-coral-junior-canta-a-gerard-quintana\/attachment\/img_20191107_202944b\/'><img loading=\"lazy\" decoding=\"async\" width=\"1024\" height=\"512\" src=\"https:\/\/agora.xtec.cat\/esc-musica-parets\/wp-content\/uploads\/usu1283\/2019\/11\/IMG_20191107_202944b-1024x512.jpg\" class=\"attachment-large size-large\" alt=\"\" srcset=\"https:\/\/agora.xtec.cat\/esc-musica-parets\/wp-content\/uploads\/usu1283\/2019\/11\/IMG_20191107_202944b-1024x512.jpg 1024w, https:\/\/agora.xtec.cat\/esc-musica-parets\/wp-content\/uploads\/usu1283\/2019\/11\/IMG_20191107_202944b-300x150.jpg 300w, https:\/\/agora.xtec.cat\/esc-musica-parets\/wp-content\/uploads\/usu1283\/2019\/11\/IMG_20191107_202944b-768x384.jpg 768w\" sizes=\"auto, (max-width: 1024px) 100vw, 1024px\" \/><\/a>\n\t\t\t<\/dt><\/dl><br style=\"clear: both\" \/>\n\t\t<\/div>\n\n<p><iframe loading=\"lazy\" src=\"https:\/\/www.youtube.com\/embed\/ZexUG1ikzxc\" width=\"560\" height=\"315\" frameborder=\"0\" allowfullscreen=\"allowfullscreen\"><\/iframe><\/p>\n<p><iframe loading=\"lazy\" src=\"https:\/\/www.youtube.com\/embed\/DW4La3yTamQ\" width=\"560\" height=\"315\" frameborder=\"0\" allowfullscreen=\"allowfullscreen\"><\/iframe><\/p>\n","protected":false},"excerpt":{"rendered":"<p>El dijous 7 de novembre, el cantant i escriptor giron\u00ed Gerard Quintana va venir a la biblioteca municipal Can Rajoler de Parets del Vall\u00e8s a presentar el seu primer llibre &#8220;Entre el cel i la terra&#8221;, una novel\u00b7la basada en la Barcelona dels anys 50.&hellip;  <a href=\"https:\/\/agora.xtec.cat\/esc-musica-parets\/general\/la-coral-junior-canta-a-gerard-quintana\/\" title=\"Read La coral junior canta a Gerard Quintana\">Llegeix m\u00e9s\u00bb<\/a><\/p>\n","protected":false},"author":1,"featured_media":2225,"comment_status":"open","ping_status":"closed","sticky":false,"template":"","format":"standard","meta":{"_bbp_topic_count":0,"_bbp_reply_count":0,"_bbp_total_topic_count":0,"_bbp_total_reply_count":0,"_bbp_voice_count":0,"_bbp_anonymous_reply_count":0,"_bbp_topic_count_hidden":0,"_bbp_reply_count_hidden":0,"_bbp_forum_subforum_count":0,"footnotes":""},"categories":[1,29],"tags":[167,83,151,150,77],"class_list":["post-2218","post","type-post","status-publish","format-standard","has-post-thumbnail","hentry","category-general","category-portada","tag-coral-junior","tag-corals","tag-emm-parets","tag-escola-musica","tag-noticies"],"post_mailing_queue_ids":[],"_links":{"self":[{"href":"https:\/\/agora.xtec.cat\/esc-musica-parets\/wp-json\/wp\/v2\/posts\/2218","targetHints":{"allow":["GET"]}}],"collection":[{"href":"https:\/\/agora.xtec.cat\/esc-musica-parets\/wp-json\/wp\/v2\/posts"}],"about":[{"href":"https:\/\/agora.xtec.cat\/esc-musica-parets\/wp-json\/wp\/v2\/types\/post"}],"author":[{"embeddable":true,"href":"https:\/\/agora.xtec.cat\/esc-musica-parets\/wp-json\/wp\/v2\/users\/1"}],"replies":[{"embeddable":true,"href":"https:\/\/agora.xtec.cat\/esc-musica-parets\/wp-json\/wp\/v2\/comments?post=2218"}],"version-history":[{"count":3,"href":"https:\/\/agora.xtec.cat\/esc-musica-parets\/wp-json\/wp\/v2\/posts\/2218\/revisions"}],"predecessor-version":[{"id":2239,"href":"https:\/\/agora.xtec.cat\/esc-musica-parets\/wp-json\/wp\/v2\/posts\/2218\/revisions\/2239"}],"wp:featuredmedia":[{"embeddable":true,"href":"https:\/\/agora.xtec.cat\/esc-musica-parets\/wp-json\/wp\/v2\/media\/2225"}],"wp:attachment":[{"href":"https:\/\/agora.xtec.cat\/esc-musica-parets\/wp-json\/wp\/v2\/media?parent=2218"}],"wp:term":[{"taxonomy":"category","embeddable":true,"href":"https:\/\/agora.xtec.cat\/esc-musica-parets\/wp-json\/wp\/v2\/categories?post=2218"},{"taxonomy":"post_tag","embeddable":true,"href":"https:\/\/agora.xtec.cat\/esc-musica-parets\/wp-json\/wp\/v2\/tags?post=2218"}],"curies":[{"name":"wp","href":"https:\/\/api.w.org\/{rel}","templated":true}]}}