{"id":2164,"date":"2019-06-07T18:54:42","date_gmt":"2019-06-07T16:54:42","guid":{"rendered":"http:\/\/agora.xtec.cat\/esc-musica-parets\/?p=2164"},"modified":"2019-06-10T18:16:38","modified_gmt":"2019-06-10T16:16:38","slug":"concert-de-fi-de-curs-2018-19","status":"publish","type":"post","link":"https:\/\/agora.xtec.cat\/esc-musica-parets\/general\/concert-de-fi-de-curs-2018-19\/","title":{"rendered":"Concert de fi de curs 2018-19"},"content":{"rendered":"<p>El dijous 6 de juny de 2019 a les 19h, va tenir lloc al teatre Can Rajoler el <strong>CONCERT DE FI DE CURS<\/strong> de la nostra escola. Com sempre per aquestes dates, l&#8217;escola celebra al teatre local un esdeveniment amb l&#8217;actuaci\u00f3 de les formacions instrumentals com l&#8217;orquestra de cambra, l&#8217;orquestra de guitarres o el combo modern, aix\u00ed com de les tres corals: la infantil, la junior i la d&#8217;adults, mostrant la feina duta a terme durant el darrer quadrimestre. En aquesta ocasi\u00f3 tamb\u00e9 es van afegir dos duets de bateria que toquen de manera sincronitzada i tots els grups de llenguatge musical que, amb carillons i acompanyats en directe pels professors\/es del centre, van interpretar &#8220;Carros de foc&#8221; de Vangelis i &#8220;Black or White&#8221;de Michael Jackson. La cloenda del concert va anar a c\u00e0rrec del <strong>MACRO-COR<\/strong>, un projecte iniciat durant aquest curs escolar i que ja es va presentar al concert de Nadal. Aquest projecte vol significar la participaci\u00f3 multitudin\u00e0ria de l&#8217;alumnat del centre, en aquesta ocasi\u00f3 cantant, com a viv\u00e8ncia musical col\u00b7lectiva que aporti als participants una experi\u00e8ncia \u00fanica. Els temes escollits per aquest concert van ser &#8220;Sir Duke&#8221; d&#8217;Stevie Wonder i &#8220;Heal the World&#8221; de Michael Jackson. El MACRO-COR va estar acompanyat en directe per una banda creada per a l&#8217;ocasi\u00f3 a c\u00e0rrec dels professors\/es del centre.<\/p>\n<p><a href=\"https:\/\/agora.xtec.cat\/esc-musica-parets\/wp-content\/uploads\/usu1283\/2019\/06\/IMG-20190608-WA0000_bis.jpg\"><img loading=\"lazy\" decoding=\"async\" class=\"alignnone size-large wp-image-2167\" src=\"https:\/\/agora.xtec.cat\/esc-musica-parets\/wp-content\/uploads\/usu1283\/2019\/06\/IMG-20190608-WA0000_bis-1024x497.jpg\" alt=\"\" width=\"1024\" height=\"497\" srcset=\"https:\/\/agora.xtec.cat\/esc-musica-parets\/wp-content\/uploads\/usu1283\/2019\/06\/IMG-20190608-WA0000_bis-1024x497.jpg 1024w, https:\/\/agora.xtec.cat\/esc-musica-parets\/wp-content\/uploads\/usu1283\/2019\/06\/IMG-20190608-WA0000_bis-300x146.jpg 300w, https:\/\/agora.xtec.cat\/esc-musica-parets\/wp-content\/uploads\/usu1283\/2019\/06\/IMG-20190608-WA0000_bis-768x373.jpg 768w, https:\/\/agora.xtec.cat\/esc-musica-parets\/wp-content\/uploads\/usu1283\/2019\/06\/IMG-20190608-WA0000_bis.jpg 1600w\" sizes=\"auto, (max-width: 1024px) 100vw, 1024px\" \/><\/a><\/p>\n","protected":false},"excerpt":{"rendered":"<p>El dijous 6 de juny de 2019 a les 19h, va tenir lloc al teatre Can Rajoler el CONCERT DE FI DE CURS de la nostra escola. Com sempre per aquestes dates, l&#8217;escola celebra al teatre local un esdeveniment amb l&#8217;actuaci\u00f3 de les formacions instrumentals&hellip;  <a href=\"https:\/\/agora.xtec.cat\/esc-musica-parets\/general\/concert-de-fi-de-curs-2018-19\/\" title=\"Read Concert de fi de curs 2018-19\">Llegeix m\u00e9s\u00bb<\/a><\/p>\n","protected":false},"author":1,"featured_media":2167,"comment_status":"open","ping_status":"closed","sticky":false,"template":"","format":"standard","meta":{"_bbp_topic_count":0,"_bbp_reply_count":0,"_bbp_total_topic_count":0,"_bbp_total_reply_count":0,"_bbp_voice_count":0,"_bbp_anonymous_reply_count":0,"_bbp_topic_count_hidden":0,"_bbp_reply_count_hidden":0,"_bbp_forum_subforum_count":0,"footnotes":""},"categories":[1,29],"tags":[100,80,83,151,150,163,149,77,125,152,128,161],"class_list":["post-2164","post","type-post","status-publish","format-standard","has-post-thumbnail","hentry","category-general","category-portada","tag-audicions","tag-concert-fi-de-curs","tag-corals","tag-emm-parets","tag-escola-musica","tag-macro-cor","tag-musica","tag-noticies","tag-orquestra-guitarres","tag-professors","tag-saxos","tag-violoncel"],"post_mailing_queue_ids":[],"_links":{"self":[{"href":"https:\/\/agora.xtec.cat\/esc-musica-parets\/wp-json\/wp\/v2\/posts\/2164","targetHints":{"allow":["GET"]}}],"collection":[{"href":"https:\/\/agora.xtec.cat\/esc-musica-parets\/wp-json\/wp\/v2\/posts"}],"about":[{"href":"https:\/\/agora.xtec.cat\/esc-musica-parets\/wp-json\/wp\/v2\/types\/post"}],"author":[{"embeddable":true,"href":"https:\/\/agora.xtec.cat\/esc-musica-parets\/wp-json\/wp\/v2\/users\/1"}],"replies":[{"embeddable":true,"href":"https:\/\/agora.xtec.cat\/esc-musica-parets\/wp-json\/wp\/v2\/comments?post=2164"}],"version-history":[{"count":2,"href":"https:\/\/agora.xtec.cat\/esc-musica-parets\/wp-json\/wp\/v2\/posts\/2164\/revisions"}],"predecessor-version":[{"id":2168,"href":"https:\/\/agora.xtec.cat\/esc-musica-parets\/wp-json\/wp\/v2\/posts\/2164\/revisions\/2168"}],"wp:featuredmedia":[{"embeddable":true,"href":"https:\/\/agora.xtec.cat\/esc-musica-parets\/wp-json\/wp\/v2\/media\/2167"}],"wp:attachment":[{"href":"https:\/\/agora.xtec.cat\/esc-musica-parets\/wp-json\/wp\/v2\/media?parent=2164"}],"wp:term":[{"taxonomy":"category","embeddable":true,"href":"https:\/\/agora.xtec.cat\/esc-musica-parets\/wp-json\/wp\/v2\/categories?post=2164"},{"taxonomy":"post_tag","embeddable":true,"href":"https:\/\/agora.xtec.cat\/esc-musica-parets\/wp-json\/wp\/v2\/tags?post=2164"}],"curies":[{"name":"wp","href":"https:\/\/api.w.org\/{rel}","templated":true}]}}