{"id":2094,"date":"2019-04-23T19:59:55","date_gmt":"2019-04-23T17:59:55","guid":{"rendered":"http:\/\/agora.xtec.cat\/esc-musica-parets\/?p=2094"},"modified":"2019-04-23T20:02:56","modified_gmt":"2019-04-23T18:02:56","slug":"acte-en-commemoracio-de-laniversari-de-la-ii-republica","status":"publish","type":"post","link":"https:\/\/agora.xtec.cat\/esc-musica-parets\/general\/acte-en-commemoracio-de-laniversari-de-la-ii-republica\/","title":{"rendered":"Acte en commemoraci\u00f3 de l&#8217;aniversari de la II Rep\u00fablica"},"content":{"rendered":"<p>Divendres 12 d&#8217;abril es va celebrar al Parc la Linera de Parets del Vall\u00e8s un acte en commemoraci\u00f3 del 88\u00e8 aniversari de la Segona Rep\u00fablica. L&#8217;acte, que va comptar amb la lectura d&#8217;un manifest institucional, parlaments de l&#8217;associaci\u00f3 Taula per la Mem\u00f2ria Hist\u00f2rica de Parets, aix\u00ed com la lectura de diferents poemes relacionats amb la II Rep\u00fablica a c\u00e0rrec del Niu d&#8217;Art, va comptar tamb\u00e9 amb unes interpretacions musicals de peces de l&#8217;\u00e8poca com l'&#8221;Himne de Riego&#8221; o les can\u00e7ons &#8220;Ay Carmela&#8221; i &#8220;Si me quieres escribir&#8221; a c\u00e0rrec d&#8217;Yrene Brice\u00f1o (flauta travessera) en representaci\u00f3 del CEM Maria Grever, i de Jordi Azagra (piano) en representaci\u00f3 de l&#8217;Escola Municipal de M\u00fasica de Parets del Vall\u00e8s.<\/p>\n<p><a href=\"https:\/\/agora.xtec.cat\/esc-musica-parets\/wp-content\/uploads\/usu1283\/2019\/04\/56800775_2325562967690444_3028738704379215872_n2.jpg\"><img loading=\"lazy\" decoding=\"async\" class=\"alignnone size-full wp-image-2095\" src=\"https:\/\/agora.xtec.cat\/esc-musica-parets\/wp-content\/uploads\/usu1283\/2019\/04\/56800775_2325562967690444_3028738704379215872_n2.jpg\" alt=\"\" width=\"960\" height=\"720\" srcset=\"https:\/\/agora.xtec.cat\/esc-musica-parets\/wp-content\/uploads\/usu1283\/2019\/04\/56800775_2325562967690444_3028738704379215872_n2.jpg 960w, https:\/\/agora.xtec.cat\/esc-musica-parets\/wp-content\/uploads\/usu1283\/2019\/04\/56800775_2325562967690444_3028738704379215872_n2-300x225.jpg 300w, https:\/\/agora.xtec.cat\/esc-musica-parets\/wp-content\/uploads\/usu1283\/2019\/04\/56800775_2325562967690444_3028738704379215872_n2-768x576.jpg 768w, https:\/\/agora.xtec.cat\/esc-musica-parets\/wp-content\/uploads\/usu1283\/2019\/04\/56800775_2325562967690444_3028738704379215872_n2-200x150.jpg 200w\" sizes=\"auto, (max-width: 960px) 100vw, 960px\" \/><\/a><\/p>\n","protected":false},"excerpt":{"rendered":"<p>Divendres 12 d&#8217;abril es va celebrar al Parc la Linera de Parets del Vall\u00e8s un acte en commemoraci\u00f3 del 88\u00e8 aniversari de la Segona Rep\u00fablica. L&#8217;acte, que va comptar amb la lectura d&#8217;un manifest institucional, parlaments de l&#8217;associaci\u00f3 Taula per la Mem\u00f2ria Hist\u00f2rica de Parets,&hellip;  <a href=\"https:\/\/agora.xtec.cat\/esc-musica-parets\/general\/acte-en-commemoracio-de-laniversari-de-la-ii-republica\/\" title=\"Read Acte en commemoraci\u00f3 de l&#8217;aniversari de la II Rep\u00fablica\">Llegeix m\u00e9s\u00bb<\/a><\/p>\n","protected":false},"author":1,"featured_media":2095,"comment_status":"open","ping_status":"closed","sticky":false,"template":"","format":"standard","meta":{"_bbp_topic_count":0,"_bbp_reply_count":0,"_bbp_total_topic_count":0,"_bbp_total_reply_count":0,"_bbp_voice_count":0,"_bbp_anonymous_reply_count":0,"_bbp_topic_count_hidden":0,"_bbp_reply_count_hidden":0,"_bbp_forum_subforum_count":0,"footnotes":""},"categories":[1,29],"tags":[151,150,77,152],"class_list":["post-2094","post","type-post","status-publish","format-standard","has-post-thumbnail","hentry","category-general","category-portada","tag-emm-parets","tag-escola-musica","tag-noticies","tag-professors"],"post_mailing_queue_ids":[],"_links":{"self":[{"href":"https:\/\/agora.xtec.cat\/esc-musica-parets\/wp-json\/wp\/v2\/posts\/2094","targetHints":{"allow":["GET"]}}],"collection":[{"href":"https:\/\/agora.xtec.cat\/esc-musica-parets\/wp-json\/wp\/v2\/posts"}],"about":[{"href":"https:\/\/agora.xtec.cat\/esc-musica-parets\/wp-json\/wp\/v2\/types\/post"}],"author":[{"embeddable":true,"href":"https:\/\/agora.xtec.cat\/esc-musica-parets\/wp-json\/wp\/v2\/users\/1"}],"replies":[{"embeddable":true,"href":"https:\/\/agora.xtec.cat\/esc-musica-parets\/wp-json\/wp\/v2\/comments?post=2094"}],"version-history":[{"count":3,"href":"https:\/\/agora.xtec.cat\/esc-musica-parets\/wp-json\/wp\/v2\/posts\/2094\/revisions"}],"predecessor-version":[{"id":2098,"href":"https:\/\/agora.xtec.cat\/esc-musica-parets\/wp-json\/wp\/v2\/posts\/2094\/revisions\/2098"}],"wp:featuredmedia":[{"embeddable":true,"href":"https:\/\/agora.xtec.cat\/esc-musica-parets\/wp-json\/wp\/v2\/media\/2095"}],"wp:attachment":[{"href":"https:\/\/agora.xtec.cat\/esc-musica-parets\/wp-json\/wp\/v2\/media?parent=2094"}],"wp:term":[{"taxonomy":"category","embeddable":true,"href":"https:\/\/agora.xtec.cat\/esc-musica-parets\/wp-json\/wp\/v2\/categories?post=2094"},{"taxonomy":"post_tag","embeddable":true,"href":"https:\/\/agora.xtec.cat\/esc-musica-parets\/wp-json\/wp\/v2\/tags?post=2094"}],"curies":[{"name":"wp","href":"https:\/\/api.w.org\/{rel}","templated":true}]}}