{"id":2090,"date":"2019-04-11T19:11:13","date_gmt":"2019-04-11T17:11:13","guid":{"rendered":"http:\/\/agora.xtec.cat\/esc-musica-parets\/?p=2090"},"modified":"2019-04-11T19:11:13","modified_gmt":"2019-04-11T17:11:13","slug":"audicio-de-primavera","status":"publish","type":"post","link":"https:\/\/agora.xtec.cat\/esc-musica-parets\/general\/audicio-de-primavera\/","title":{"rendered":"Audici\u00f3 de primavera"},"content":{"rendered":"<p>Coincidint amb el final del segon trimestre, els dies 9 i 11 d&#8217;abril s&#8217;han dut a terme les audicions p\u00fabliques dels alumnes d&#8217;instrument a l&#8217;auditori del centre. Despr\u00e9s de la participaci\u00f3 a la Festa dels Instrumentistes, en aquesta ocasi\u00f3 cada alumne ha pogut mostrar davant del p\u00fablic les peces que ha assolit en aquest segon per\u00edode escolar. Dimarts van actuar els alumnes de piano, bateria i saxo i dijous els alumnes de guitarra, baix, viol\u00ed, violoncel i flauta travessera. Com \u00e9s habitual en aquest tipus d&#8217;actuacions, el p\u00fablic assistent va poder sentir tot tipus d&#8217;estils, des de temes cl\u00e0ssics a peces de tall m\u00e9s modern.<\/p>\n<p><a href=\"https:\/\/agora.xtec.cat\/esc-musica-parets\/wp-content\/uploads\/usu1283\/2019\/04\/IMG_20190409_203535.jpg\"><img loading=\"lazy\" decoding=\"async\" class=\"alignnone size-large wp-image-2091\" src=\"https:\/\/agora.xtec.cat\/esc-musica-parets\/wp-content\/uploads\/usu1283\/2019\/04\/IMG_20190409_203535-1024x512.jpg\" alt=\"\" width=\"1024\" height=\"512\" srcset=\"https:\/\/agora.xtec.cat\/esc-musica-parets\/wp-content\/uploads\/usu1283\/2019\/04\/IMG_20190409_203535-1024x512.jpg 1024w, https:\/\/agora.xtec.cat\/esc-musica-parets\/wp-content\/uploads\/usu1283\/2019\/04\/IMG_20190409_203535-300x150.jpg 300w, https:\/\/agora.xtec.cat\/esc-musica-parets\/wp-content\/uploads\/usu1283\/2019\/04\/IMG_20190409_203535-768x384.jpg 768w\" sizes=\"auto, (max-width: 1024px) 100vw, 1024px\" \/><\/a><\/p>\n","protected":false},"excerpt":{"rendered":"<p>Coincidint amb el final del segon trimestre, els dies 9 i 11 d&#8217;abril s&#8217;han dut a terme les audicions p\u00fabliques dels alumnes d&#8217;instrument a l&#8217;auditori del centre. Despr\u00e9s de la participaci\u00f3 a la Festa dels Instrumentistes, en aquesta ocasi\u00f3 cada alumne ha pogut mostrar davant&hellip;  <a href=\"https:\/\/agora.xtec.cat\/esc-musica-parets\/general\/audicio-de-primavera\/\" title=\"Read Audici\u00f3 de primavera\">Llegeix m\u00e9s\u00bb<\/a><\/p>\n","protected":false},"author":1,"featured_media":2091,"comment_status":"open","ping_status":"closed","sticky":false,"template":"","format":"standard","meta":{"_bbp_topic_count":0,"_bbp_reply_count":0,"_bbp_total_topic_count":0,"_bbp_total_reply_count":0,"_bbp_voice_count":0,"_bbp_anonymous_reply_count":0,"_bbp_topic_count_hidden":0,"_bbp_reply_count_hidden":0,"_bbp_forum_subforum_count":0,"footnotes":""},"categories":[1,29],"tags":[100,151,150,77],"class_list":["post-2090","post","type-post","status-publish","format-standard","has-post-thumbnail","hentry","category-general","category-portada","tag-audicions","tag-emm-parets","tag-escola-musica","tag-noticies"],"post_mailing_queue_ids":[],"_links":{"self":[{"href":"https:\/\/agora.xtec.cat\/esc-musica-parets\/wp-json\/wp\/v2\/posts\/2090","targetHints":{"allow":["GET"]}}],"collection":[{"href":"https:\/\/agora.xtec.cat\/esc-musica-parets\/wp-json\/wp\/v2\/posts"}],"about":[{"href":"https:\/\/agora.xtec.cat\/esc-musica-parets\/wp-json\/wp\/v2\/types\/post"}],"author":[{"embeddable":true,"href":"https:\/\/agora.xtec.cat\/esc-musica-parets\/wp-json\/wp\/v2\/users\/1"}],"replies":[{"embeddable":true,"href":"https:\/\/agora.xtec.cat\/esc-musica-parets\/wp-json\/wp\/v2\/comments?post=2090"}],"version-history":[{"count":1,"href":"https:\/\/agora.xtec.cat\/esc-musica-parets\/wp-json\/wp\/v2\/posts\/2090\/revisions"}],"predecessor-version":[{"id":2092,"href":"https:\/\/agora.xtec.cat\/esc-musica-parets\/wp-json\/wp\/v2\/posts\/2090\/revisions\/2092"}],"wp:featuredmedia":[{"embeddable":true,"href":"https:\/\/agora.xtec.cat\/esc-musica-parets\/wp-json\/wp\/v2\/media\/2091"}],"wp:attachment":[{"href":"https:\/\/agora.xtec.cat\/esc-musica-parets\/wp-json\/wp\/v2\/media?parent=2090"}],"wp:term":[{"taxonomy":"category","embeddable":true,"href":"https:\/\/agora.xtec.cat\/esc-musica-parets\/wp-json\/wp\/v2\/categories?post=2090"},{"taxonomy":"post_tag","embeddable":true,"href":"https:\/\/agora.xtec.cat\/esc-musica-parets\/wp-json\/wp\/v2\/tags?post=2090"}],"curies":[{"name":"wp","href":"https:\/\/api.w.org\/{rel}","templated":true}]}}