{"id":2064,"date":"2019-03-20T19:56:08","date_gmt":"2019-03-20T18:56:08","guid":{"rendered":"http:\/\/agora.xtec.cat\/esc-musica-parets\/?p=2064"},"modified":"2019-03-20T20:01:28","modified_gmt":"2019-03-20T19:01:28","slug":"onirico-live-el-darrer-projecte-de-javi-herrera","status":"publish","type":"post","link":"https:\/\/agora.xtec.cat\/esc-musica-parets\/general\/onirico-live-el-darrer-projecte-de-javi-herrera\/","title":{"rendered":"&#8220;On\u00edrico Live&#8221; el darrer projecte del professor de l&#8217;escola Javi Herrera"},"content":{"rendered":"<p>Diumenge 17 de mar\u00e7 a les 18.30h, va tenir lloc al teatre Can Rajoler de Parets del Vall\u00e8s la presentaci\u00f3 d&#8217;ON\u00cdRICO LIVE, la proposta en directe del darrer disc de Javi Herrera, professor de bateria de l&#8217;Escola Municipal de M\u00fasica de Parets del Vall\u00e8s. Sota el nom art\u00edstic de Kant-Freud-Kafka, aquest \u00e9s el seu segon projecte despr\u00e9s de &#8220;No tengas miedo&#8221;. Tot i que el disc d&#8217;ON\u00cdRICO es va presentar a l&#8217;Escola Municipal de M\u00fasica al maig de 2017 dins dels actes de la 18a Setmana Cultural, en aquesta ocasi\u00f3 ha estat la presentaci\u00f3 en directe del treball amb un total de 13 int\u00e8rprets a dalt de l&#8217;escenari, i en la que es combina m\u00fasica, narraci\u00f3 de textos i v\u00eddeos. ON\u00cdRICO, un treball aclamat per la cr\u00edtica especialitzada, \u00e9s una fusi\u00f3 de rock progressiu i m\u00fasica cl\u00e0ssica. El rock progressiu va tenir el seu punt culminant als anys 70 amb bandes m\u00edtiques com Yes, Emerson, Lake &amp; Palmer, G\u00e9nesis o Pink Floyd entre d&#8217;altres. Des de l&#8217;Escola Municipal de M\u00fasica volem felicitar al nostre company Javi Herrera pel seu treball i desitjar-lo molts m\u00e9s \u00e8xits. Enhorabona!<\/p>\n\n\t\t<style type=\"text\/css\">\n\t\t\t#gallery-1 {\n\t\t\t\tmargin: auto;\n\t\t\t}\n\t\t\t#gallery-1 .gallery-item {\n\t\t\t\tfloat: left;\n\t\t\t\tmargin-top: 10px;\n\t\t\t\ttext-align: center;\n\t\t\t\twidth: 33%;\n\t\t\t}\n\t\t\t#gallery-1 img {\n\t\t\t\tborder: 2px solid #cfcfcf;\n\t\t\t}\n\t\t\t#gallery-1 .gallery-caption {\n\t\t\t\tmargin-left: 0;\n\t\t\t}\n\t\t\t\/* see gallery_shortcode() in wp-includes\/media.php *\/\n\t\t<\/style>\n\t\t<div id='gallery-1' class='gallery galleryid-2064 gallery-columns-3 gallery-size-full'><dl class='gallery-item'>\n\t\t\t<dt class='gallery-icon landscape'>\n\t\t\t\t<a href='https:\/\/agora.xtec.cat\/esc-musica-parets\/general\/onirico-live-el-darrer-projecte-de-javi-herrera\/attachment\/53703488_2355344091377330_6488624204664012800_n\/'><img loading=\"lazy\" decoding=\"async\" width=\"960\" height=\"640\" src=\"https:\/\/agora.xtec.cat\/esc-musica-parets\/wp-content\/uploads\/usu1283\/2019\/03\/53703488_2355344091377330_6488624204664012800_n.jpg\" class=\"attachment-full size-full\" alt=\"\" srcset=\"https:\/\/agora.xtec.cat\/esc-musica-parets\/wp-content\/uploads\/usu1283\/2019\/03\/53703488_2355344091377330_6488624204664012800_n.jpg 960w, https:\/\/agora.xtec.cat\/esc-musica-parets\/wp-content\/uploads\/usu1283\/2019\/03\/53703488_2355344091377330_6488624204664012800_n-300x200.jpg 300w, https:\/\/agora.xtec.cat\/esc-musica-parets\/wp-content\/uploads\/usu1283\/2019\/03\/53703488_2355344091377330_6488624204664012800_n-768x512.jpg 768w\" sizes=\"auto, (max-width: 960px) 100vw, 960px\" \/><\/a>\n\t\t\t<\/dt><\/dl><dl class='gallery-item'>\n\t\t\t<dt class='gallery-icon landscape'>\n\t\t\t\t<a href='https:\/\/agora.xtec.cat\/esc-musica-parets\/general\/onirico-live-el-darrer-projecte-de-javi-herrera\/attachment\/54411839_2355344121377327_7371958639394816000_n\/'><img loading=\"lazy\" decoding=\"async\" width=\"960\" height=\"639\" src=\"https:\/\/agora.xtec.cat\/esc-musica-parets\/wp-content\/uploads\/usu1283\/2019\/03\/54411839_2355344121377327_7371958639394816000_n.jpg\" class=\"attachment-full size-full\" alt=\"\" srcset=\"https:\/\/agora.xtec.cat\/esc-musica-parets\/wp-content\/uploads\/usu1283\/2019\/03\/54411839_2355344121377327_7371958639394816000_n.jpg 960w, https:\/\/agora.xtec.cat\/esc-musica-parets\/wp-content\/uploads\/usu1283\/2019\/03\/54411839_2355344121377327_7371958639394816000_n-300x200.jpg 300w, https:\/\/agora.xtec.cat\/esc-musica-parets\/wp-content\/uploads\/usu1283\/2019\/03\/54411839_2355344121377327_7371958639394816000_n-768x511.jpg 768w\" sizes=\"auto, (max-width: 960px) 100vw, 960px\" \/><\/a>\n\t\t\t<\/dt><\/dl><dl class='gallery-item'>\n\t\t\t<dt class='gallery-icon landscape'>\n\t\t\t\t<a href='https:\/\/agora.xtec.cat\/esc-musica-parets\/general\/onirico-live-el-darrer-projecte-de-javi-herrera\/attachment\/53851694_2185177965065205_419114951831977984_n\/'><img loading=\"lazy\" decoding=\"async\" width=\"960\" height=\"640\" src=\"https:\/\/agora.xtec.cat\/esc-musica-parets\/wp-content\/uploads\/usu1283\/2019\/03\/53851694_2185177965065205_419114951831977984_n.jpg\" class=\"attachment-full size-full\" alt=\"\" srcset=\"https:\/\/agora.xtec.cat\/esc-musica-parets\/wp-content\/uploads\/usu1283\/2019\/03\/53851694_2185177965065205_419114951831977984_n.jpg 960w, https:\/\/agora.xtec.cat\/esc-musica-parets\/wp-content\/uploads\/usu1283\/2019\/03\/53851694_2185177965065205_419114951831977984_n-300x200.jpg 300w, https:\/\/agora.xtec.cat\/esc-musica-parets\/wp-content\/uploads\/usu1283\/2019\/03\/53851694_2185177965065205_419114951831977984_n-768x512.jpg 768w\" sizes=\"auto, (max-width: 960px) 100vw, 960px\" \/><\/a>\n\t\t\t<\/dt><\/dl><br style=\"clear: both\" \/><dl class='gallery-item'>\n\t\t\t<dt class='gallery-icon landscape'>\n\t\t\t\t<a href='https:\/\/agora.xtec.cat\/esc-musica-parets\/general\/onirico-live-el-darrer-projecte-de-javi-herrera\/attachment\/54729127_10216427834441435_4900462555505360896_n\/'><img loading=\"lazy\" decoding=\"async\" width=\"960\" height=\"960\" src=\"https:\/\/agora.xtec.cat\/esc-musica-parets\/wp-content\/uploads\/usu1283\/2019\/03\/54729127_10216427834441435_4900462555505360896_n.jpg\" class=\"attachment-full size-full\" alt=\"\" srcset=\"https:\/\/agora.xtec.cat\/esc-musica-parets\/wp-content\/uploads\/usu1283\/2019\/03\/54729127_10216427834441435_4900462555505360896_n.jpg 960w, https:\/\/agora.xtec.cat\/esc-musica-parets\/wp-content\/uploads\/usu1283\/2019\/03\/54729127_10216427834441435_4900462555505360896_n-150x150.jpg 150w, https:\/\/agora.xtec.cat\/esc-musica-parets\/wp-content\/uploads\/usu1283\/2019\/03\/54729127_10216427834441435_4900462555505360896_n-300x300.jpg 300w, https:\/\/agora.xtec.cat\/esc-musica-parets\/wp-content\/uploads\/usu1283\/2019\/03\/54729127_10216427834441435_4900462555505360896_n-768x768.jpg 768w\" sizes=\"auto, (max-width: 960px) 100vw, 960px\" \/><\/a>\n\t\t\t<\/dt><\/dl><dl class='gallery-item'>\n\t\t\t<dt class='gallery-icon landscape'>\n\t\t\t\t<a href='https:\/\/agora.xtec.cat\/esc-musica-parets\/general\/onirico-live-el-darrer-projecte-de-javi-herrera\/attachment\/54411791_2355344111377328_1293935752064794624_n\/'><img loading=\"lazy\" decoding=\"async\" width=\"960\" height=\"639\" src=\"https:\/\/agora.xtec.cat\/esc-musica-parets\/wp-content\/uploads\/usu1283\/2019\/03\/54411791_2355344111377328_1293935752064794624_n.jpg\" class=\"attachment-full size-full\" alt=\"\" srcset=\"https:\/\/agora.xtec.cat\/esc-musica-parets\/wp-content\/uploads\/usu1283\/2019\/03\/54411791_2355344111377328_1293935752064794624_n.jpg 960w, https:\/\/agora.xtec.cat\/esc-musica-parets\/wp-content\/uploads\/usu1283\/2019\/03\/54411791_2355344111377328_1293935752064794624_n-300x200.jpg 300w, https:\/\/agora.xtec.cat\/esc-musica-parets\/wp-content\/uploads\/usu1283\/2019\/03\/54411791_2355344111377328_1293935752064794624_n-768x511.jpg 768w\" sizes=\"auto, (max-width: 960px) 100vw, 960px\" \/><\/a>\n\t\t\t<\/dt><\/dl><dl class='gallery-item'>\n\t\t\t<dt class='gallery-icon portrait'>\n\t\t\t\t<a href='https:\/\/agora.xtec.cat\/esc-musica-parets\/general\/onirico-live-el-darrer-projecte-de-javi-herrera\/attachment\/54430383_2353386391573100_8126557747324911616_n\/'><img loading=\"lazy\" decoding=\"async\" width=\"678\" height=\"960\" src=\"https:\/\/agora.xtec.cat\/esc-musica-parets\/wp-content\/uploads\/usu1283\/2019\/03\/54430383_2353386391573100_8126557747324911616_n.jpg\" class=\"attachment-full size-full\" alt=\"\" srcset=\"https:\/\/agora.xtec.cat\/esc-musica-parets\/wp-content\/uploads\/usu1283\/2019\/03\/54430383_2353386391573100_8126557747324911616_n.jpg 678w, https:\/\/agora.xtec.cat\/esc-musica-parets\/wp-content\/uploads\/usu1283\/2019\/03\/54430383_2353386391573100_8126557747324911616_n-212x300.jpg 212w\" sizes=\"auto, (max-width: 678px) 100vw, 678px\" \/><\/a>\n\t\t\t<\/dt><\/dl><br style=\"clear: both\" \/>\n\t\t<\/div>\n\n<p>&nbsp;<\/p>\n","protected":false},"excerpt":{"rendered":"<p>Diumenge 17 de mar\u00e7 a les 18.30h, va tenir lloc al teatre Can Rajoler de Parets del Vall\u00e8s la presentaci\u00f3 d&#8217;ON\u00cdRICO LIVE, la proposta en directe del darrer disc de Javi Herrera, professor de bateria de l&#8217;Escola Municipal de M\u00fasica de Parets del Vall\u00e8s. Sota&hellip;  <a href=\"https:\/\/agora.xtec.cat\/esc-musica-parets\/general\/onirico-live-el-darrer-projecte-de-javi-herrera\/\" title=\"Read &#8220;On\u00edrico Live&#8221; el darrer projecte del professor de l&#8217;escola Javi Herrera\">Llegeix m\u00e9s\u00bb<\/a><\/p>\n","protected":false},"author":1,"featured_media":2065,"comment_status":"open","ping_status":"closed","sticky":false,"template":"","format":"standard","meta":{"_bbp_topic_count":0,"_bbp_reply_count":0,"_bbp_total_topic_count":0,"_bbp_total_reply_count":0,"_bbp_voice_count":0,"_bbp_anonymous_reply_count":0,"_bbp_topic_count_hidden":0,"_bbp_reply_count_hidden":0,"_bbp_forum_subforum_count":0,"footnotes":""},"categories":[1,29],"tags":[151,150,149,77,152],"class_list":["post-2064","post","type-post","status-publish","format-standard","has-post-thumbnail","hentry","category-general","category-portada","tag-emm-parets","tag-escola-musica","tag-musica","tag-noticies","tag-professors"],"post_mailing_queue_ids":[],"_links":{"self":[{"href":"https:\/\/agora.xtec.cat\/esc-musica-parets\/wp-json\/wp\/v2\/posts\/2064","targetHints":{"allow":["GET"]}}],"collection":[{"href":"https:\/\/agora.xtec.cat\/esc-musica-parets\/wp-json\/wp\/v2\/posts"}],"about":[{"href":"https:\/\/agora.xtec.cat\/esc-musica-parets\/wp-json\/wp\/v2\/types\/post"}],"author":[{"embeddable":true,"href":"https:\/\/agora.xtec.cat\/esc-musica-parets\/wp-json\/wp\/v2\/users\/1"}],"replies":[{"embeddable":true,"href":"https:\/\/agora.xtec.cat\/esc-musica-parets\/wp-json\/wp\/v2\/comments?post=2064"}],"version-history":[{"count":3,"href":"https:\/\/agora.xtec.cat\/esc-musica-parets\/wp-json\/wp\/v2\/posts\/2064\/revisions"}],"predecessor-version":[{"id":2075,"href":"https:\/\/agora.xtec.cat\/esc-musica-parets\/wp-json\/wp\/v2\/posts\/2064\/revisions\/2075"}],"wp:featuredmedia":[{"embeddable":true,"href":"https:\/\/agora.xtec.cat\/esc-musica-parets\/wp-json\/wp\/v2\/media\/2065"}],"wp:attachment":[{"href":"https:\/\/agora.xtec.cat\/esc-musica-parets\/wp-json\/wp\/v2\/media?parent=2064"}],"wp:term":[{"taxonomy":"category","embeddable":true,"href":"https:\/\/agora.xtec.cat\/esc-musica-parets\/wp-json\/wp\/v2\/categories?post=2064"},{"taxonomy":"post_tag","embeddable":true,"href":"https:\/\/agora.xtec.cat\/esc-musica-parets\/wp-json\/wp\/v2\/tags?post=2064"}],"curies":[{"name":"wp","href":"https:\/\/api.w.org\/{rel}","templated":true}]}}