{"id":2013,"date":"2019-01-31T21:12:41","date_gmt":"2019-01-31T20:12:41","guid":{"rendered":"http:\/\/agora.xtec.cat\/esc-musica-parets\/?p=2013"},"modified":"2019-02-01T18:52:18","modified_gmt":"2019-02-01T17:52:18","slug":"cinquena-edicio-del-canta-parets","status":"publish","type":"post","link":"https:\/\/agora.xtec.cat\/esc-musica-parets\/general\/cinquena-edicio-del-canta-parets\/","title":{"rendered":"CANTA Parets! arriba a la seva cinquena edici\u00f3"},"content":{"rendered":"<div id=\"embed-alacarta-5940\"><\/div>\n<p><script src=\"https:\/\/www.alacarta.cat\/js\/embed.js\" data-container=\"embed-alacarta-5940\" data-src=\"5c517b8e833af61e007e355f\"><\/script><\/p>\n<p>El passat divendres 25 de gener, i coincidint amb l&#8217;inici de la Festa Major d&#8217;Hivern, va tenir lloc una nova edici\u00f3 de <strong>CANTA Parets!<\/strong>, arribant al seu cinqu\u00e8 any consecutiu. M\u00e9s de 200 infants de P5 van ser\u00a0 els aut\u00e8ntics protagonistes d\u2019aquesta cantata. <strong>CANTA Parets!<\/strong> \u00e9s un projecte de poble organitzat i coordinat per l&#8217;Escola Municipal de M\u00fasica de Parets, i que engloba tots els col\u00b7legis de prim\u00e0ria de la poblaci\u00f3. Enguany, que ha estat la seva cinquena edici\u00f3, ho ha fet amb l\u2019espectacle <strong>\u201cLa volta al m\u00f3n en 80 can\u00e7ons\u201d<\/strong>, de Montse Navarro i Jordi Azagra, i que gira a l\u2019entorn de les diferents cultures i els seus diferents estils musicals. El projecte ha esdevingut una experi\u00e8ncia que cada any es repeteix en el municipi per la bona rebuda dels centres docents i de les fam\u00edlies.<\/p>\n<p>A l\u2019estiu ja es comen\u00e7a a treballar en la tem\u00e0tica i els arranjaments, i \u00e9s al setembre quan es comen\u00e7a a treballar en les escoles amb els infants. El muntatge \u00e9s una oportunitat per fer un projecte conjunt entre les escoles paretanes, i per les fam\u00edlies representa un moment especial i emotiu que, amb els anys, s&#8217;ha anat consolidant.<\/p>\n<p>L\u2019espectacle <strong>CANTA Parets!<\/strong> pret\u00e9n treballar els valors com la companyonia a trav\u00e9s de la m\u00fasica i aplega unes 900 persones de p\u00fablic.<\/p>\n<p>Podeu veure m\u00e9s fotos al reportatge fotogr\u00e0fic resum de la <a href=\"https:\/\/l.facebook.com\/l.php?u=http%3A%2F%2Fow.ly%2Fo8lI30nvA2I%3Ffbclid%3DIwAR0kiHYKlYJAXrQvbQUS66ZEI1muD6ekRBiHHIbEMz5a7t8l5fbICRxiRuk&amp;h=AT2tt3xcPeLEn50JN_dVeSzaa9-A13RhFXzA2dp6YE11szm1DIKHPBcrZRF1Sj6s3NyMoVFHLeBYGALpbF4ge06so7JWGsQhwmPV5-XMXbLbNdaP-lrUYRMLlQpt7kxw_RCpGkfmjjdMjpS1Ex3hTnXNI6doZixYfm5ie0SP5zX0UvWGqXRYxP437Ijc5Q6r0ccJmUeRX9I7XGZtAGeurHTex4yEpnhIrW7dagXtYZ8b-_0kAGMd34HRhe-bw-tSN6mwNxhtOEToLohAG4wFaUV7R_4RDjnWGvQczybXNogzc0swfTBrbAz2bD21k5NcNlGjc3pKrkxsHKjAr1_gyIkwR64jQ_ngG39WlPGAUqjxMkbJEUzOB4eiFtN7-oAbmE7qY8N55berLMkgfTFu3je4h-Jjj9a0xF86AzPgM1o6fhSK08wpF7MSkOauLMID3hUeEvCIdUXD62s9dlxTB0XakvU6Zv6YPLjP0V8Nm4CvdbCaLpWxFe5aZfVTIcATWT7n83EkPgIvi0cOktmS1EhVN2cSonF5c9bXdPUVa78LFkgC63pCvj8W_8cjh7xOBydMFv2K9_h2NX2hNYbYyYcSvkGCZLPmDG0U3W554AHKQ3FR_JFmkJifWZ6rts2u\">Festa Major d&#8217;Hivern 2019<\/a><\/p>\n","protected":false},"excerpt":{"rendered":"<p>El passat divendres 25 de gener, i coincidint amb l&#8217;inici de la Festa Major d&#8217;Hivern, va tenir lloc una nova edici\u00f3 de CANTA Parets!, arribant al seu cinqu\u00e8 any consecutiu. M\u00e9s de 200 infants de P5 van ser\u00a0 els aut\u00e8ntics protagonistes d\u2019aquesta cantata. CANTA Parets!&hellip;  <a href=\"https:\/\/agora.xtec.cat\/esc-musica-parets\/general\/cinquena-edicio-del-canta-parets\/\" title=\"Read CANTA Parets! arriba a la seva cinquena edici\u00f3\">Llegeix m\u00e9s\u00bb<\/a><\/p>\n","protected":false},"author":1,"featured_media":2024,"comment_status":"open","ping_status":"closed","sticky":false,"template":"","format":"standard","meta":{"_bbp_topic_count":0,"_bbp_reply_count":0,"_bbp_total_topic_count":0,"_bbp_total_reply_count":0,"_bbp_voice_count":0,"_bbp_anonymous_reply_count":0,"_bbp_topic_count_hidden":0,"_bbp_reply_count_hidden":0,"_bbp_forum_subforum_count":0,"footnotes":""},"categories":[1,29],"tags":[100,131,151,150,139,77,152,136],"class_list":["post-2013","post","type-post","status-publish","format-standard","has-post-thumbnail","hentry","category-general","category-portada","tag-audicions","tag-canta-parets","tag-emm-parets","tag-escola-musica","tag-festes","tag-noticies","tag-professors","tag-valles-visio"],"post_mailing_queue_ids":[],"_links":{"self":[{"href":"https:\/\/agora.xtec.cat\/esc-musica-parets\/wp-json\/wp\/v2\/posts\/2013","targetHints":{"allow":["GET"]}}],"collection":[{"href":"https:\/\/agora.xtec.cat\/esc-musica-parets\/wp-json\/wp\/v2\/posts"}],"about":[{"href":"https:\/\/agora.xtec.cat\/esc-musica-parets\/wp-json\/wp\/v2\/types\/post"}],"author":[{"embeddable":true,"href":"https:\/\/agora.xtec.cat\/esc-musica-parets\/wp-json\/wp\/v2\/users\/1"}],"replies":[{"embeddable":true,"href":"https:\/\/agora.xtec.cat\/esc-musica-parets\/wp-json\/wp\/v2\/comments?post=2013"}],"version-history":[{"count":3,"href":"https:\/\/agora.xtec.cat\/esc-musica-parets\/wp-json\/wp\/v2\/posts\/2013\/revisions"}],"predecessor-version":[{"id":2028,"href":"https:\/\/agora.xtec.cat\/esc-musica-parets\/wp-json\/wp\/v2\/posts\/2013\/revisions\/2028"}],"wp:featuredmedia":[{"embeddable":true,"href":"https:\/\/agora.xtec.cat\/esc-musica-parets\/wp-json\/wp\/v2\/media\/2024"}],"wp:attachment":[{"href":"https:\/\/agora.xtec.cat\/esc-musica-parets\/wp-json\/wp\/v2\/media?parent=2013"}],"wp:term":[{"taxonomy":"category","embeddable":true,"href":"https:\/\/agora.xtec.cat\/esc-musica-parets\/wp-json\/wp\/v2\/categories?post=2013"},{"taxonomy":"post_tag","embeddable":true,"href":"https:\/\/agora.xtec.cat\/esc-musica-parets\/wp-json\/wp\/v2\/tags?post=2013"}],"curies":[{"name":"wp","href":"https:\/\/api.w.org\/{rel}","templated":true}]}}